{"id":261,"date":"2021-03-02T20:42:18","date_gmt":"2021-03-02T20:42:18","guid":{"rendered":"https:\/\/blogchicchezvous.com\/?p=261"},"modified":"2021-07-08T01:14:14","modified_gmt":"2021-07-08T01:14:14","slug":"parcours-de-retablissement-de-six-travailleuses-a-lemploi-de-groupe-innova","status":"publish","type":"post","link":"https:\/\/blogchicchezvous.com\/en\/2021\/03\/02\/parcours-de-retablissement-de-six-travailleuses-a-lemploi-de-groupe-innova\/","title":{"rendered":"The path to recovery of six workers"},"content":{"rendered":"<p>[et_pb_section fb_built=\u00a0\u00bb1&Prime; _builder_version=\u00a0\u00bb3.22&Prime;][et_pb_row _builder_version=\u00a0\u00bb3.25&Prime; background_size=\u00a0\u00bbinitial\u00a0\u00bb background_position=\u00a0\u00bbtop_left\u00a0\u00bb background_repeat=\u00a0\u00bbrepeat\u00a0\u00bb][et_pb_column type=\u00a0\u00bb4_4&Prime; _builder_version=\u00a0\u00bb3.25&Prime; custom_padding=\u00a0\u00bb|||\u00a0\u00bb custom_padding__hover=\u00a0\u00bb|||\u00a0\u00bb][et_pb_text _builder_version=\u00a0\u00bb4.9.7&Prime; text_text_color=\u00a0\u00bb#000000&Prime; text_font_size=\u00a0\u00bb19px\u00a0\u00bb header_2_text_color=\u00a0\u00bb#003344&Prime; header_3_text_color=\u00a0\u00bb#003344&Prime; background_size=\u00a0\u00bbinitial\u00a0\u00bb background_position=\u00a0\u00bbtop_left\u00a0\u00bb background_repeat=\u00a0\u00bbrepeat\u00a0\u00bb hover_enabled=\u00a0\u00bb0&Prime; sticky_enabled=\u00a0\u00bb0&Prime;]<\/p>\n<p><!-- divi:paragraph -->L\u2019\u00e9conomie sociale, qui se situe entre le secteur priv\u00e9 et le secteur public, est \u00e0 l\u2019origine du d\u00e9veloppement des entreprises sociales telle que Groupe Innova (<a href=\"http:\/\/www.collectioninnova.com\/fr\/groupe-innova.aspx\">http:\/\/www.collectioninnova.com\/fr\/groupe-innova.aspx<\/a>). Cette derni\u00e8re oscille entre un but entrepreneurial (produire et vendre des v\u00eatements adapt\u00e9s) et un but de r\u00e9insertion professionnelle aupr\u00e8s de personnes ayant un probl\u00e8me de sant\u00e9 mentale.<\/p>\n<p><!-- \/divi:paragraph --><\/p>\n<p><!-- divi:paragraph -->Dans le cadre de cet article, j\u2019explorerai le parcours de r\u00e9tablissement de six travailleuses \u00e0 l\u2019emploi de Groupe Innova et ayant un probl\u00e8me de sant\u00e9 mentale.<\/p>\n<p><!-- \/divi:paragraph --><\/p>\n<p><!-- divi:paragraph -->Je m\u2019attarderai \u00e9galement aux perceptions des travailleuses quant \u00e0 leur exp\u00e9rience au sein de Groupe Innova.<\/p>\n<p><!-- \/divi:paragraph --><\/p>\n<p><!-- divi:paragraph -->Je vous invite donc \u00e0 d\u00e9couvrir certains membres de notre \u00e9quipe et la richesse de leur v\u00e9cu !<\/p>\n<p>&nbsp;<\/p>\n<p><!-- \/divi:paragraph --><\/p>\n<p><!-- divi:paragraph --><\/p>\n<p><!-- \/divi:paragraph --><\/p>\n<p><!-- divi:heading {\"level\":3} --><\/p>\n<h2><strong>Le probl\u00e8me de sant\u00e9 mentale<\/strong><\/h2>\n<p><strong><\/strong><\/p>\n<p><!-- \/divi:heading --><\/p>\n<p><!-- divi:paragraph -->\u00c0 priori, les six travailleuses sont maintenant stables au niveau psychique mais ont d\u00fb n\u00e9anmoins composer avec diff\u00e9rents troubles de sant\u00e9 mentale\u00a0: chocs psychotiques, d\u00e9pressions, schizophr\u00e9nie et trouble anxieux.<\/p>\n<p><!-- \/divi:paragraph --><\/p>\n<p><!-- divi:paragraph -->Les probl\u00e8mes de sant\u00e9 mentale sont apparus en raison d\u2019une vari\u00e9t\u00e9 de facteurs\u00a0: h\u00e9r\u00e9dit\u00e9 et pr\u00e9dispositions g\u00e9n\u00e9tiques, sensibilit\u00e9 au stress, privation de nourriture, isolement, d\u00e9pendance aux drogues et contexte de violence conjugale.<\/p>\n<p>&nbsp;<\/p>\n<p><!-- \/divi:paragraph --><\/p>\n<p><!-- divi:paragraph --><\/p>\n<p><!-- \/divi:paragraph --><\/p>\n<p><!-- divi:heading {\"level\":4} --><\/p>\n<h3><strong>Les sympt\u00f4mes<\/strong><\/h3>\n<p><strong><\/strong><\/p>\n<p><!-- \/divi:heading --><\/p>\n<p><!-- divi:paragraph -->Lors de leurs \u00e9pisodes de d\u00e9tresse, les participantes ont fait l\u2019exp\u00e9rience d\u2019une vari\u00e9t\u00e9 de sympt\u00f4mes\u00a0: des id\u00e9es de grandeur \u00ab Je sauvais le monde \u00bb, des hallucinations \u00ab J\u2019entendais des voix \u00bb et des id\u00e9es d\u00e9lirantes \u00ab Mon p\u00e8re venait me visiter et je lui disais qu\u2019il n\u2019\u00e9tait pas mon p\u00e8re. \u00bb Une participante n\u2019a pas v\u00e9cu d\u2019\u00e9pisodes psychotiques mais elle est aux prises avec de l\u2019anxi\u00e9t\u00e9 sur une base continue.<\/p>\n<p><!-- \/divi:paragraph --><\/p>\n<p><!-- divi:image {\"id\":577,\"width\":638,\"height\":479,\"sizeSlug\":\"large\",\"linkDestination\":\"none\"} --><\/p>\n<figure class=\"wp-block-image size-large is-resized\"><img loading=\"lazy\" decoding=\"async\" src=\"https:\/\/blogchicchezvous.com\/wp-content\/uploads\/2021\/06\/ic25.jpg\" alt=\"\" class=\"wp-image-577\" width=\"638\" height=\"479\" srcset=\"https:\/\/blogchicchezvous.com\/wp-content\/uploads\/2021\/06\/ic25.jpg 300w, https:\/\/blogchicchezvous.com\/wp-content\/uploads\/2021\/06\/ic25-16x12.jpg 16w\" sizes=\"auto, (max-width: 638px) 100vw, 638px\" \/><\/figure>\n<p><!-- \/divi:image --><\/p>\n<p><!-- divi:paragraph -->Le nombre d\u2019\u00e9pisodes v\u00e9cus est variable d\u2019une personne \u00e0 l\u2019autre, mais la plupart ont v\u00e9cu un ou deux \u00e9pisodes. La gravit\u00e9 des \u00e9pisodes va de l\u00e9ger \u00e0 s\u00e9v\u00e8re.<\/p>\n<p><!-- \/divi:paragraph --><\/p>\n<p><!-- divi:paragraph -->Toutes les femmes interview\u00e9es prennent de fa\u00e7on r\u00e9guli\u00e8re une m\u00e9dication \u00e0 long terme.<\/p>\n<p><!-- \/divi:paragraph --><\/p>\n<p><!-- divi:paragraph -->\u00c0 ce jour, on constate une certaine h\u00e9t\u00e9rog\u00e9n\u00e9it\u00e9 au niveau des sympt\u00f4mes r\u00e9siduels. Alors qu\u2019une participante n\u2019a plus de sympt\u00f4mes, d\u2019autres doivent composer avec des d\u00e9ficits cognitifs (probl\u00e8mes de m\u00e9moire et de concentration), de l\u2019anxi\u00e9t\u00e9, un trouble obsessif-compulsif (r\u00e9p\u00e9ter des actions, comportements compulsifs). Une participante rapporte des sympt\u00f4mes de type parano\u00efde mais qui ne sont pas envahissants outre mesure \u00ab J\u2019ai peur que les gens ne m\u2019aiment pas \u00bb.<\/p>\n<p>&nbsp;<\/p>\n<p><!-- \/divi:paragraph --><\/p>\n<p><!-- divi:paragraph --><\/p>\n<p><!-- \/divi:paragraph --><\/p>\n<p><!-- divi:heading {\"level\":4} --><\/p>\n<h3><strong>Les habilet\u00e9s fonctionnelles<\/strong><\/h3>\n<p><strong><\/strong><\/p>\n<p><!-- \/divi:heading --><\/p>\n<p><!-- divi:paragraph -->Chez la plupart des participantes, le probl\u00e8me de sant\u00e9 mentale limite les habilet\u00e9s fonctionnelles, et ce \u00e0 diff\u00e9rents degr\u00e9s. Ainsi, une participante souligne que son diagnostic restreint ses habilet\u00e9s cognitives et son attention partag\u00e9e (multit\u00e2ches) et qu\u2019elle est plus isol\u00e9e depuis le probl\u00e8me de sant\u00e9 mentale. Une seconde participante consid\u00e8re qu\u2019elle a plus de difficult\u00e9s \u00e0 se faire des amis depuis la maladie.<\/p>\n<p><!-- \/divi:paragraph --><\/p>\n<p><!-- divi:paragraph -->Au niveau du travail, le probl\u00e8me de sant\u00e9 mentale a des r\u00e9percussions importantes aupr\u00e8s des participantes : incapacit\u00e9 d\u2019int\u00e9grer le march\u00e9 r\u00e9gulier du travail, incapacit\u00e9 \u00e0 d\u00e9marrer son entreprise, longue p\u00e9riode de ch\u00f4mage. D\u2019autres r\u00e9percussions ont \u00e9t\u00e9 cit\u00e9es\u00a0: baisse de l\u2019estime de soi, difficult\u00e9 \u00e0 s\u2019affirmer et difficult\u00e9 \u00e0 rencontrer un partenaire.<\/p>\n<p>&nbsp;<\/p>\n<p><!-- \/divi:paragraph --><\/p>\n<p><!-- divi:paragraph --><\/p>\n<p><!-- \/divi:paragraph --><\/p>\n<p><!-- divi:heading {\"level\":4} --><\/p>\n<h3><strong>Deuils<\/strong><\/h3>\n<p><strong><\/strong><\/p>\n<p><!-- \/divi:heading --><\/p>\n<p><!-- divi:paragraph -->Nul doute, le fait d\u2019avoir un probl\u00e8me de sant\u00e9 mentale a amen\u00e9 les participantes \u00e0 faire des deuils\u00a0: deuil du march\u00e9 r\u00e9gulier du travail, deuil d\u2019avoir une bonne relation avec sa famille, deuil de la m\u00e9moire, deuil de voyager \u00e0 long terme et deuil d\u2019avoir des enfants. Une participante affirme qu\u2019elle a fait le deuil d\u2019\u00eatre une personne ayant un mode de vie compl\u00e8tement libre, c\u2019est-\u00e0-dire une personne qui ne travaille pas et qui fait de l\u2019art toute la journ\u00e9e\u00a0: \u00ab En ayant la schizophr\u00e9nie, je dois avoir une routine, un travail, sans quoi je redeviendrais malade. \u00bb<\/p>\n<p><!-- \/divi:paragraph --><\/p>\n<p><!-- divi:paragraph -->Lorsqu\u2019on demande aux participantes ce que leur v\u00e9cu en sant\u00e9 mentale leur a appris sur elles-m\u00eames, plusieurs mentionnent leur grande force et leur capacit\u00e9 \u00e0 traverser n\u2019importe quelle \u00e9preuve. Le propos suivant exprime bien cette id\u00e9e\u00a0: \u00ab Si j\u2019ai surv\u00e9cu jusqu\u2019ici c\u2019est que je suis une femme forte. \u00bb Une autre participante r\u00e9alise qu\u2019elle est une personne bien et qu\u2019elle en fait assez \u00ab Si j\u2019avais un tatouage, j\u2019aimerais que \u00e7a soit <em>Just enough<\/em>. \u00bb<\/p>\n<p>&nbsp;<\/p>\n<p><!-- \/divi:paragraph --><\/p>\n<p><!-- divi:paragraph --><\/p>\n<p><!-- \/divi:paragraph --><\/p>\n<p><!-- divi:heading {\"level\":3} --><\/p>\n<h2><strong>R\u00e9tablissement des participantes<\/strong><\/h2>\n<p><strong><\/strong><\/p>\n<p><!-- \/divi:heading --><\/p>\n<p><!-- divi:paragraph --><\/p>\n<p><!-- divi:heading {\"level\":4} --><\/p>\n<h3><strong>Le soutien social<\/strong><\/h3>\n<p><strong><\/strong><\/p>\n<p><!-- \/divi:heading --><\/p>\n<p><!-- divi:paragraph -->Le soutien social est un \u00e9l\u00e9ment crucial dans le r\u00e9tablissement des participantes. Que ce soient des parents soutenants et qui croient en elle, un pair-aidant dans un organisme, les m\u00e9dias sociaux, leur mari, leurs enfants, la fratrie, des amis, le voisinage, des figures significatives au travail, toutes les femmes interview\u00e9es ont eu besoin d\u2019un filet social pour s\u2019en sortir.<\/p>\n<p><!-- \/divi:paragraph --><\/p>\n<p><!-- divi:paragraph -->N\u00e9anmoins, pour deux participantes, le noyau familial a \u00e9t\u00e9 source de grandes tensions, ce qui a n\u00e9cessit\u00e9 de prendre une distance vis-\u00e0-vis de certains membres.<\/p>\n<p><!-- \/divi:paragraph --><\/p>\n<p><!-- divi:paragraph -->La tr\u00e8s grande majorit\u00e9 des participantes ont b\u00e9n\u00e9fici\u00e9 et continuent de profiter du soutien d\u2019intervenants et de professionnels de la sant\u00e9. Quatre participantes sur six consultent un psychiatre, tandis que les deux autres voient un m\u00e9decin de famille. La moiti\u00e9 des participantes ont un suivi avec une travailleuse sociale.<\/p>\n<p><!-- \/divi:paragraph --><\/p>\n<p><!-- divi:paragraph -->Une participante souligne l\u2019apport positif de son suivi ant\u00e9rieur en ergoth\u00e9rapie\u00a0: \u00ab L\u2019ergoth\u00e9rapeute me donnait plus confiance en moi. Elle m\u2019a donn\u00e9 une strat\u00e9gie pour que je n\u2019aie pas envie de r\u00e9p\u00e9ter mes gestes. \u00bb<\/p>\n<p><!-- \/divi:paragraph --><\/p>\n<p><!-- divi:paragraph -->Une autre participante mentionne qu\u2019une infirmi\u00e8re a jou\u00e9 un r\u00f4le d\u00e9cisif dans son r\u00e9tablissement\u00a0: \u00ab Elle me prenait dans un local et \u00e0 chaque soir qu\u2019elle travaillait, on parlait ensemble. C\u2019est l\u00e0 que j\u2019ai commenc\u00e9 \u00e0 plus verbaliser mes probl\u00e8mes. \u00bb<\/p>\n<p><!-- \/divi:paragraph --><\/p>\n<p><!-- divi:paragraph -->Certaines participantes re\u00e7oivent \u00e9galement du soutien d\u2019intervenants dans leur milieu de vie.<\/p>\n<p><!-- \/divi:paragraph --><\/p>\n<p><!-- divi:image {\"id\":575,\"width\":616,\"height\":411,\"sizeSlug\":\"large\",\"linkDestination\":\"none\"} --><\/p>\n<figure class=\"wp-block-image size-large is-resized\"><img loading=\"lazy\" decoding=\"async\" src=\"https:\/\/blogchicchezvous.com\/wp-content\/uploads\/2021\/06\/ic24.jpg\" alt=\"\" class=\"wp-image-575\" width=\"616\" height=\"411\" srcset=\"https:\/\/blogchicchezvous.com\/wp-content\/uploads\/2021\/06\/ic24.jpg 300w, https:\/\/blogchicchezvous.com\/wp-content\/uploads\/2021\/06\/ic24-16x12.jpg 16w\" sizes=\"auto, (max-width: 616px) 100vw, 616px\" \/><\/figure>\n<p><!-- \/divi:image --><\/p>\n<p><!-- divi:heading {\"level\":4} --><\/p>\n<h3><strong><\/strong><\/h3>\n<h3><strong>Les organismes communautaires et les th\u00e9rapies<\/strong><\/h3>\n<p><strong><\/strong><\/p>\n<p><!-- \/divi:heading --><\/p>\n<p><!-- divi:paragraph -->La contribution des organismes communautaires dans le processus de r\u00e9tablissement des participantes est substantielle. Par exemple, une femme interview\u00e9e raconte comment le fait d\u2019avoir effectu\u00e9 une d\u00e9marche dans un centre de connaissance de soi lui a permis de mieux se conna\u00eetre, d\u2019avoir des outils pour mieux communiquer et d\u2019\u00eatre en groupe avec des personnes comme elle.<\/p>\n<p><!-- \/divi:paragraph --><\/p>\n<p><!-- divi:paragraph -->Les participantes ont re\u00e7u de l\u2019aide d\u2019organismes communautaires en sant\u00e9 mentale, de groupes de soutien pour d\u00e9pendances, d\u2019une maison d\u2019h\u00e9bergement pour femmes violent\u00e9es de m\u00eame qu\u2019un centre des femmes. Une participante a effectu\u00e9 plusieurs th\u00e9rapies, notamment la th\u00e9rapie cognitivo-comportementale, un programme sur la gestion des \u00e9motions et un cours sur les relations humaines.<\/p>\n<p><!-- \/divi:paragraph --><\/p>\n<p><!-- divi:paragraph -->Cette derni\u00e8re participante t\u00e9moigne\u00a0que : \u00ab Les th\u00e9rapies ne m\u2019ont pas appris \u00e0 voir le verre \u00e0 moiti\u00e9 plein (\u00eatre toujours positif). Elles ne m\u2019ont pas appris \u00e0 voir le verre \u00e0 moiti\u00e9 vide (\u00eatre n\u00e9gatif), mais \u00e0 voir le verre \u00e0 moiti\u00e9 (\u00eatre positif mais se donner le droit d\u2019\u00eatre n\u00e9gatif). \u00bb<\/p>\n<p>&nbsp;<\/p>\n<p><!-- \/divi:paragraph --><\/p>\n<p><!-- divi:paragraph --><\/p>\n<p><!-- \/divi:paragraph --><\/p>\n<p><!-- divi:heading {\"level\":4} --><\/p>\n<h3><strong>Les activit\u00e9s significatives<\/strong><\/h3>\n<p><strong><\/strong><\/p>\n<p><!-- \/divi:heading --><\/p>\n<p><!-- divi:paragraph -->Prendre part \u00e0 des activit\u00e9s significatives aide les participantes \u00e0 surmonter leur probl\u00e8me de sant\u00e9 mentale. C\u2019est ainsi que l\u2019\u00e9criture permet \u00e0 certaines participantes de prendre du recul par rapport \u00e0 ce qu\u2019elles vivent\u00a0: \u00ab Mon journal intime me donne des indices que je suis peut-\u00eatre plus fragile. \u00bb Pour une autre participante, c\u2019est la traduction qui est un passe-temps significatif.<\/p>\n<p><!-- \/divi:paragraph --><\/p>\n<p><!-- divi:paragraph -->Certaines femmes interview\u00e9es ont mentionn\u00e9 que le fait de cuisiner de bons repas les maintient dans un \u00e9tat d\u2019\u00e9quilibre\u00a0: \u00ab Je me suis r\u00e9tablie principalement par la cuisine. Ricardo m\u2019a beaucoup aid\u00e9 parce que ses recettes sont simples. \u00bb<\/p>\n<p><!-- \/divi:paragraph --><\/p>\n<p><!-- divi:paragraph -->Les participantes ont identifi\u00e9 les activit\u00e9s suivantes comme \u00e9tant particuli\u00e8rement aidantes\u00a0: les arts, la m\u00e9ditation, l\u2019utilisation de la technologie (tablette, jeux vid\u00e9o, t\u00e9l\u00e9vision), \u00e9couter des humoristes, le tricot et la couture. \u00c0 cet effet, une participante raconte\u00a0: \u00ab Pendant mon internement, j\u2019ai commenc\u00e9 \u00e0 faire de la couture et ma sant\u00e9 mentale est devenue meilleure. \u00c7a peut para\u00eetre clich\u00e9 mais coudre des v\u00eatements m\u2019a vraiment sauv\u00e9e. \u00bb<\/p>\n<p>&nbsp;<\/p>\n<p><!-- \/divi:paragraph --><\/p>\n<p><!-- divi:paragraph --><\/p>\n<p><!-- \/divi:paragraph --><\/p>\n<p><!-- divi:heading {\"level\":4} --><\/p>\n<h3><strong>La spiritualit\u00e9<\/strong><\/h3>\n<p><strong><\/strong><\/p>\n<p><!-- \/divi:heading --><\/p>\n<p><!-- divi:paragraph -->Toutes les femmes interview\u00e9es consid\u00e8rent que la spiritualit\u00e9 contribue \u00e0 leur r\u00e9tablissement. La spiritualit\u00e9 permet en effet de r\u00e9duire les inqui\u00e9tudes, de supporter la souffrance et de donner un sens \u00e0 la vie.<\/p>\n<p><!-- \/divi:paragraph --><\/p>\n<p><!-- divi:paragraph -->Les citations qui suivent montrent l\u2019importance de la spiritualit\u00e9 lorsqu\u2019on est utilisateur de services en sant\u00e9 mentale\u00a0: \u00ab Je crois qu\u2019il y a quelque chose en haut qui nous aide \u00bb ou encore \u00ab La spiritualit\u00e9 me fait du bien. Je parle \u00e0 ma grand-m\u00e8re d\u00e9c\u00e9d\u00e9e. Mon p\u00e8re l\u2019a peinte et j\u2019ai le cadre dans ma chambre avec le crucifix. Je demande \u00e0 ma grand-m\u00e8re de m\u2019aider. \u00bb<\/p>\n<p><!-- \/divi:paragraph --><\/p>\n<p><!-- divi:paragraph -->D\u2019autres participantes expriment leurs croyances ainsi\u00a0: \u00ab Je n\u2019adh\u00e8re pas \u00e0 une religion en tant que telle mais j\u2019aime beaucoup penser \u00e0 la spiritualit\u00e9. \u00bb ou encore \u00ab Je prie beaucoup. Je porte mon J\u00e9sus sur moi et, \u00e0 la maison, j\u2019ai une feuille o\u00f9 s\u2019est inscrit que J\u00e9sus est le ma\u00eetre de ma maison et qu\u2019il est mon sauveur. \u00bb Enfin, une participante t\u00e9moigne\u00a0: \u00ab Il y a une place, la chapelle de la r\u00e9paration, o\u00f9 on va moi et mon mari, c\u2019est comme un chemin de croix. Quand on entre l\u00e0, on oublie tous nos probl\u00e8mes. \u00bb<\/p>\n<p>&nbsp;<\/p>\n<p><!-- \/divi:paragraph --><\/p>\n<p><!-- divi:paragraph --><\/p>\n<p><!-- \/divi:paragraph --><\/p>\n<p><!-- divi:heading {\"level\":3} --><\/p>\n<h2><strong>Les r\u00eaves et les aspirations<\/strong><\/h2>\n<p><strong><\/strong><\/p>\n<p><!-- \/divi:heading --><\/p>\n<p><!-- divi:paragraph -->Les r\u00eaves des participantes s\u2019inscrivent dans la continuit\u00e9\u00a0: \u00ab continuer la traduction du blogue, rester dans ma famille d\u2019accueil et conserver mon travail chez Collection Innova jusqu\u2019\u00e0 la retraite. \u00bb La moiti\u00e9 des participantes expriment le d\u00e9sir de faire un voyage dans le futur. Deux participantes aimeraient accomplir des projets qui les m\u00e8neraient \u00e0 l\u2019ext\u00e9rieur de leur zone de confort\u00a0: cr\u00e9er sa ligne de v\u00eatements et \u00e9tudier \u00e0 l\u2019Universit\u00e9.<\/p>\n<p><!-- \/divi:paragraph --><\/p>\n<p><!-- divi:paragraph -->Les femmes interrog\u00e9es poss\u00e8dent plusieurs forces qui les ont aid\u00e9es \u00e0 se r\u00e9tablir\u00a0: la pers\u00e9v\u00e9rance et la d\u00e9termination, la cr\u00e9ativit\u00e9, le sens de l\u2019humour de m\u00eame que le fait d\u2019\u00eatre travaillante, joviale et sociable.<\/p>\n<p>&nbsp;<\/p>\n<p><!-- \/divi:paragraph --><\/p>\n<p><!-- divi:paragraph --><\/p>\n<p><!-- \/divi:paragraph --><\/p>\n<p><!-- divi:heading {\"level\":3} --><\/p>\n<h2><strong>Le march\u00e9 du travail<\/strong><\/h2>\n<p><strong><\/strong><\/p>\n<p><!-- \/divi:heading --><\/p>\n<p><!-- divi:paragraph -->Avant d\u2019\u00eatre embauch\u00e9es chez Groupe Innova, la majorit\u00e9 des participantes ont occup\u00e9 des emplois vari\u00e9s, certaines ayant occup\u00e9 de nombreux emplois. Or, le maintien en emploi a souvent \u00e9t\u00e9 de courte ou moyenne dur\u00e9e (moins de 4 ans). Deux participantes ont \u00e9prouv\u00e9 des difficult\u00e9s \u00e0 travailler sur le march\u00e9 r\u00e9gulier de l\u2019emploi.<\/p>\n<p><!-- \/divi:paragraph --><\/p>\n<p><!-- divi:paragraph -->Une autre participante n\u2019a pas travaill\u00e9 pendant une longue p\u00e9riode mais elle a ensuite particip\u00e9 \u00e0 diff\u00e9rents programmes qui l\u2019ont aid\u00e9e \u00e0 se r\u00e9ins\u00e9rer professionnellement. Notons que plusieurs participantes ont fait appel \u00e0 l\u2019Arrimage, un service d\u2019aide \u00e0 l\u2019emploi, pour int\u00e9grer Groupe Innova.<\/p>\n<p>&nbsp;<\/p>\n<p><!-- \/divi:paragraph --><\/p>\n<p><!-- divi:paragraph --><\/p>\n<p><!-- \/divi:paragraph --><\/p>\n<p><!-- divi:heading {\"level\":3} --><\/p>\n<h2><strong>Groupe Innova<\/strong><\/h2>\n<p>&nbsp;<\/p>\n<p><!-- \/divi:heading --><\/p>\n<p><!-- divi:paragraph -->Selon les participantes, Groupe Innova est une entreprise ayant une excellente ambiance de travail et qui offre une atmosph\u00e8re d\u2019empowerment: \u00ab Tout le monde est tout le temps de bonne humeur. Avant, j\u2019avais de la mis\u00e8re \u00e0 sourire. Maintenant \u00e7a va. \u00bb ou encore \u00ab Les gens sont g\u00e9niaux et gentils. C\u2019est la plus belle \u00e9quipe avec laquelle j\u2019ai travaill\u00e9. Les gens se parlent, se complimentent, on a tout un peu le m\u00eame point de vue politique, un peu de gauche. \u00bb Une autre participante abonde dans le m\u00eame sens\u00a0: \u00ab C\u2019est vraiment un bon emploi. C\u2019est l\u2019emploi r\u00eav\u00e9. \u00bb et une autre d\u2019ajouter \u00ab C\u2019est une approche humaine, sans comp\u00e9tition. On fait chacun notre affaire et on s\u2019aide mutuellement. \u00bb<\/p>\n<p>&nbsp;<\/p>\n<p><!-- \/divi:paragraph --><\/p>\n<p><!-- divi:paragraph --><\/p>\n<p><!-- \/divi:paragraph --><\/p>\n<p><!-- divi:heading {\"level\":4} --><\/p>\n<h3><strong>Un lieu de socialisation<\/strong><\/h3>\n<p><strong><\/strong><\/p>\n<p><!-- \/divi:heading --><\/p>\n<p><!-- divi:paragraph -->Groupe Innova est un lieu de socialisation qui permet de cr\u00e9er des liens et de se faire des amis\u00a0: \u00ab J\u2019ai r\u00e9ussi \u00e0 cr\u00e9er des liens qui font que je me sens importante. Pas que je me sens pr\u00e9tentieuse, je sens que j\u2019ai de l\u2019importance pour des gens. \u00c7a ne remplace pas une famille mais ici je me sens bien. J\u2019ai trouv\u00e9 ma place ici. \u00bb<\/p>\n<p>&nbsp;<\/p>\n<p><!-- \/divi:paragraph --><\/p>\n<p><!-- divi:paragraph --><\/p>\n<p><!-- \/divi:paragraph --><\/p>\n<p><!-- divi:heading {\"level\":4} --><\/p>\n<h3><strong>D\u00e9velopper des habilet\u00e9s<\/strong><\/h3>\n<p><strong><\/strong><\/p>\n<p><!-- \/divi:heading --><\/p>\n<p><!-- divi:paragraph -->C\u2019est une entreprise qui permet de d\u00e9velopper des habilet\u00e9s. Les citations qui suivent expriment bien cette id\u00e9e\u00a0: \u00ab Je travaille mes habilet\u00e9s manuelles. Il y a un c\u00f4t\u00e9 zen \u00e0 couper des fils. \u00bb ou encore \u00ab Je deviens meilleure couturi\u00e8re. Je gagne de la rapidit\u00e9. \u00bb<\/p>\n<p><!-- \/divi:paragraph --><\/p>\n<p><!-- divi:image {\"id\":573,\"width\":631,\"height\":421,\"sizeSlug\":\"large\",\"linkDestination\":\"none\"} --><\/p>\n<figure class=\"wp-block-image size-large is-resized\"><img loading=\"lazy\" decoding=\"async\" src=\"https:\/\/blogchicchezvous.com\/wp-content\/uploads\/2021\/06\/ic23.jpg\" alt=\"\" class=\"wp-image-573\" width=\"631\" height=\"421\" srcset=\"https:\/\/blogchicchezvous.com\/wp-content\/uploads\/2021\/06\/ic23.jpg 300w, https:\/\/blogchicchezvous.com\/wp-content\/uploads\/2021\/06\/ic23-16x12.jpg 16w\" sizes=\"auto, (max-width: 631px) 100vw, 631px\" \/><\/figure>\n<p><!-- \/divi:image --><\/p>\n<p><!-- divi:heading {\"level\":4} --><\/p>\n<h3><strong><\/strong><\/h3>\n<h3><strong>Accommodements<\/strong><\/h3>\n<p><strong><\/strong><\/p>\n<p><!-- \/divi:heading --><\/p>\n<p><!-- divi:paragraph -->En tant qu\u2019entreprise sociale, Groupe Innova met en place des accommodements et des adaptations qui tiennent compte de la r\u00e9alit\u00e9 des utilisateurs de services en sant\u00e9 mentale. Ainsi, l\u2019employeur n\u2019h\u00e9site pas \u00e0 adapter les t\u00e2ches ou \u00e0 proposer des postes sur mesure. Un accommodement particuli\u00e8rement significatif est le fait qu\u2019il y a moins de pression que sur le march\u00e9 r\u00e9gulier du travail\u00a0: \u00ab C\u2019est un endroit qui accepte que j\u2019aie eu une maladie mentale. Si je faisais un autre \u00e9pisode, c\u2019est un endroit qui comprendrait. \u00bb ou encore \u00ab Quand je suis arriv\u00e9e ici et que j\u2019avais de la mis\u00e8re \u00e0 apprendre des choses, je pleurais tout le temps. On me disait que je devais prendre le temps d\u2019apprendre. \u00bb Une autre participante souligne cette flexibilit\u00e9\u00a0: \u00ab J\u2019ai un jour ouvrable de libre, donc je profite de cette journ\u00e9e pour recevoir mon injection ou faire des commissions. \u00bb<\/p>\n<p>&nbsp;<\/p>\n<p><!-- \/divi:paragraph --><\/p>\n<p><!-- divi:paragraph --><\/p>\n<p><!-- \/divi:paragraph --><\/p>\n<p><!-- divi:heading {\"level\":4} --><\/p>\n<h3><strong>D\u00e9fis<\/strong><\/h3>\n<p><strong><\/strong><\/p>\n<p><!-- \/divi:heading --><\/p>\n<p><!-- divi:paragraph -->Groupe Innova est ainsi un milieu adapt\u00e9 mais qui offre en m\u00eame temps des d\u00e9fis selon les capacit\u00e9s des travailleurs\u00a0: \u00ab C\u2019est du travail en ligne, c\u2019est de la r\u00e9p\u00e9tition mais je ne fais pas la m\u00eame chose depuis six mois. \u00bb Une autre participante mentionne\u00a0: \u00ab Il y a beaucoup d\u2019ouverture \u00e0 ce qu\u2019on apprenne de nouvelles choses. \u00bb<\/p>\n<p>&nbsp;<\/p>\n<p><!-- \/divi:paragraph --><\/p>\n<p><!-- divi:paragraph --><\/p>\n<p><!-- \/divi:paragraph --><\/p>\n<p><!-- divi:heading {\"level\":4} --><\/p>\n<h3><strong>Confiance en soi<\/strong><\/h3>\n<p><strong><\/strong><\/p>\n<p><!-- \/divi:heading --><\/p>\n<p><!-- divi:paragraph -->Les participantes s\u2019entendent pour dire que l\u2019entreprise contribue \u00e0 rehausser leur confiance en soi\u00a0: \u00ab Puisqu\u2019ils [les patrons] ont confiance en moi, \u00e7a me donne confiance en moi. \u00bb ou encore \u00ab Le fait qu\u2019ils [les patrons] me donnaient toujours plus de responsabilit\u00e9s a augment\u00e9 ma confiance en moi. \u00bb<\/p>\n<p>&nbsp;<\/p>\n<p><!-- \/divi:paragraph --><\/p>\n<p><!-- divi:paragraph --><\/p>\n<p><!-- \/divi:paragraph --><\/p>\n<p><!-- divi:heading {\"level\":4} --><\/p>\n<h3><strong>Travailler avec des coll\u00e8gues ayant un probl\u00e8me de sant\u00e9 mentale<\/strong><\/h3>\n<p><strong><\/strong><\/p>\n<p><!-- \/divi:heading --><\/p>\n<p><!-- divi:paragraph -->La majorit\u00e9 des travailleuses sont \u00e0 l\u2019aise de travailler avec d\u2019autres personnes ayant des probl\u00e8mes de sant\u00e9 mentale\u00a0: \u00ab Je trouve \u00e7a rassurant de travailler avec d\u2019autres personnes qui ont des troubles de sant\u00e9 mentale, car lorsque tu es la seule personne qui a des troubles de sant\u00e9 mentale, tu es un peu mis \u00e0 l\u2019\u00e9cart. \u00bb Une autre participante affirme\u00a0: \u00ab \u00c7a ne me d\u00e9range pas. Pourvu que ce ne soit pas un fou violent. En Ha\u00efti, on appelle \u00e7a un fou doux. On aime les fous doux. \u00bb Par ailleurs, une femme interrog\u00e9e exprime qu\u2019elle a toujours une petite peur\u00a0: \u00ab Tu ne sais jamais comment les gens vont r\u00e9agir. J\u2019ai peur que quelqu\u2019un tombe en d\u00e9s\u00e9quilibre. Je ne saurais pas quoi faire ni \u00e0 qui demander de l\u2019aide. \u00bb<\/p>\n<p>&nbsp;<\/p>\n<p><!-- \/divi:paragraph --><\/p>\n<p><!-- divi:paragraph --><\/p>\n<p><!-- \/divi:paragraph --><\/p>\n<p><!-- divi:heading {\"level\":4} --><\/p>\n<h3><strong>Conditions de travail<strong><\/strong><\/strong><\/h3>\n<p><strong><\/strong><\/p>\n<p><!-- \/divi:heading --><\/p>\n<p><!-- divi:paragraph -->Globalement, les participantes se disent satisfaites de leurs conditions de travail. Cependant, le salaire est un enjeu qui pr\u00e9occupe une participante\u00a0: \u00ab On gagne le salaire minimum. Ce n\u2019est pas beaucoup quand on a une famille. Moi je suis chanceuse car nous avons deux salaires qui rentrent \u00e0 la maison. Mais ceux qui ont un seul salaire, je ne sais pas comment ils font pour arriver. Ils doivent se priver beaucoup. \u00bb Une seconde participante aimerait pouvoir travailler 40 heures par semaine afin d\u2019augmenter son salaire. Le fait qu\u2019il n\u2019y ait pas d\u2019assurances en cas de maladie a \u00e9galement \u00e9t\u00e9 rapport\u00e9.<\/p>\n<p>&nbsp;<\/p>\n<p><!-- \/divi:paragraph --><\/p>\n<p><!-- divi:paragraph --><\/p>\n<p><!-- \/divi:paragraph --><\/p>\n<p><!-- divi:heading {\"level\":3} --><\/p>\n<h2><strong>En conclusion: parcours de r\u00e9tablissement<strong><\/strong><\/strong><\/h2>\n<p><strong><\/strong><\/p>\n<p><!-- \/divi:heading --><\/p>\n<p><!-- divi:paragraph -->D\u2019apr\u00e8s les entrevues r\u00e9alis\u00e9es, il va sans dire que la maladie mentale cause bien des remous. Elle provoque dans certains cas des sympt\u00f4mes r\u00e9siduels qui limitent les habilet\u00e9s fonctionnelles. Elle exige de faire des deuils \u00e0 un \u00e2ge relativement jeune. Pour s\u2019en sortir, les femmes interrog\u00e9es ont d\u00fb d\u00e9ployer une immense force int\u00e9rieure. Certainement, la m\u00e9dication au long cours contribue \u00e0 la stabilit\u00e9 psychique des participantes, mais pas que.<\/p>\n<p><!-- \/divi:paragraph --><\/p>\n<p><!-- divi:paragraph -->Les trajectoires des participantes r\u00e9v\u00e8lent que le soutien social, le soutien des professionnels de la sant\u00e9, les organismes communautaires, l\u2019accomplissement d\u2019activit\u00e9s significatives, la spiritualit\u00e9 et l\u2019utilisation de ses atouts m\u00e8nent aussi au r\u00e9tablissement.<\/p>\n<p><!-- \/divi:paragraph --><\/p>\n<p><!-- divi:paragraph -->Chose certaine, pour permettre une exp\u00e9rience professionnelle gratifiante et favoriser le maintien en emploi des personnes ayant un probl\u00e8me de sant\u00e9 mentale, il importe de cr\u00e9er des milieux de travail tol\u00e9rants, tel que chez Groupe Innova. Des milieux o\u00f9 il y a une r\u00e9elle coh\u00e9sion sociale et qui offrent un juste \u00e9quilibre entre d\u00e9fis et accommodements.<\/p>\n<p><!-- \/divi:paragraph --><\/p>\n<p><!-- divi:paragraph -->Je tiens \u00e0 remercier les six participantes pour leur grande g\u00e9n\u00e9rosit\u00e9 et leur ouverture \u00e0 se d\u00e9voiler dans toute leur vuln\u00e9rabilit\u00e9.<\/p>\n<p><!-- \/divi:paragraph --><\/p>\n<p>[\/et_pb_text][\/et_pb_column][\/et_pb_row][\/et_pb_section]<\/p>\n","protected":false},"excerpt":{"rendered":"<p>L\u2019\u00e9conomie sociale, qui se situe entre le secteur priv\u00e9 et le secteur public, est \u00e0 l\u2019origine du d\u00e9veloppement des entreprises sociales telle que Groupe Innova (http:\/\/www.collectioninnova.com\/fr\/groupe-innova.aspx). Cette derni\u00e8re oscille entre un but entrepreneurial (produire et vendre des v\u00eatements adapt\u00e9s) et un but de r\u00e9insertion professionnelle aupr\u00e8s de personnes ayant un probl\u00e8me de sant\u00e9 mentale. Dans [&hellip;]<\/p>\n","protected":false},"author":1,"featured_media":572,"comment_status":"open","ping_status":"open","sticky":false,"template":"","format":"standard","meta":{"_et_pb_use_builder":"on","_et_pb_old_content":"<!-- wp:paragraph -->\n<p>L\u2019\u00e9conomie sociale, qui se situe entre le secteur priv\u00e9 et le secteur public, est \u00e0 l\u2019origine du d\u00e9veloppement des entreprises sociales telle que Groupe Innova (<a href=\"http:\/\/www.collectioninnova.com\/fr\/groupe-innova.aspx\">http:\/\/www.collectioninnova.com\/fr\/groupe-innova.aspx<\/a>). Cette derni\u00e8re oscille entre un but entrepreneurial (produire et vendre des v\u00eatements adapt\u00e9s) et un but de r\u00e9insertion professionnelle aupr\u00e8s de personnes ayant un probl\u00e8me de sant\u00e9 mentale. <\/p>\n<!-- \/wp:paragraph -->\n\n<!-- wp:paragraph -->\n<p>Dans le cadre de cet article, j\u2019explorerai le parcours de r\u00e9tablissement de six travailleuses \u00e0 l\u2019emploi de Groupe Innova et ayant un probl\u00e8me de sant\u00e9 mentale. <\/p>\n<!-- \/wp:paragraph -->\n\n<!-- wp:paragraph -->\n<p>Je m\u2019attarderai \u00e9galement aux perceptions des travailleuses quant \u00e0 leur exp\u00e9rience au sein de Groupe Innova. &nbsp;&nbsp;<\/p>\n<!-- \/wp:paragraph -->\n\n<!-- wp:paragraph -->\n<p>Je vous invite donc \u00e0 d\u00e9couvrir certains membres de notre \u00e9quipe et la richesse de leur v\u00e9cu !&nbsp; &nbsp;&nbsp;<\/p>\n<!-- \/wp:paragraph -->\n\n<!-- wp:paragraph -->\n<p><\/p>\n<!-- \/wp:paragraph -->\n\n<!-- wp:heading {\"level\":3} -->\n<h3>Le probl\u00e8me de sant\u00e9 mentale <\/h3>\n<!-- \/wp:heading -->\n\n<!-- wp:paragraph -->\n<p>\u00c0 priori, les six travailleuses sont maintenant stables au niveau psychique mais ont d\u00fb n\u00e9anmoins composer avec diff\u00e9rents troubles de sant\u00e9 mentale&nbsp;: chocs psychotiques, d\u00e9pressions, schizophr\u00e9nie et trouble anxieux.<\/p>\n<!-- \/wp:paragraph -->\n\n<!-- wp:paragraph -->\n<p>Les probl\u00e8mes de sant\u00e9 mentale sont apparus en raison d\u2019une vari\u00e9t\u00e9 de facteurs&nbsp;: h\u00e9r\u00e9dit\u00e9 et pr\u00e9dispositions g\u00e9n\u00e9tiques, sensibilit\u00e9 au stress, privation de nourriture, isolement, d\u00e9pendance aux drogues et contexte de violence conjugale. &nbsp;<\/p>\n<!-- \/wp:paragraph -->\n\n<!-- wp:paragraph -->\n<p><\/p>\n<!-- \/wp:paragraph -->\n\n<!-- wp:heading {\"level\":4} -->\n<h4><span style=\"text-decoration: underline;\">Les sympt\u00f4mes: <\/span><\/h4>\n<!-- \/wp:heading -->\n\n<!-- wp:paragraph -->\n<p>Lors de leurs \u00e9pisodes de d\u00e9tresse, les participantes ont fait l\u2019exp\u00e9rience d\u2019une vari\u00e9t\u00e9 de sympt\u00f4mes&nbsp;: des id\u00e9es de grandeur \u00ab Je sauvais le monde \u00bb, des hallucinations \u00ab J\u2019entendais des voix \u00bb et des id\u00e9es d\u00e9lirantes \u00ab Mon p\u00e8re venait me visiter et je lui disais qu\u2019il n\u2019\u00e9tait pas mon p\u00e8re. \u00bb Une participante n\u2019a pas v\u00e9cu d\u2019\u00e9pisodes psychotiques mais elle est aux prises avec de l\u2019anxi\u00e9t\u00e9 sur une base continue. &nbsp;<\/p>\n<!-- \/wp:paragraph -->\n\n<!-- wp:image {\"id\":577,\"width\":638,\"height\":479,\"sizeSlug\":\"large\",\"linkDestination\":\"none\"} -->\n<figure class=\"wp-block-image size-large is-resized\"><img src=\"https:\/\/blogchicchezvous.com\/wp-content\/uploads\/2021\/06\/ic25.jpg\" alt=\"\" class=\"wp-image-577\" width=\"638\" height=\"479\"\/><\/figure>\n<!-- \/wp:image -->\n\n<!-- wp:paragraph -->\n<p>Le nombre d\u2019\u00e9pisodes v\u00e9cus est variable d\u2019une personne \u00e0 l\u2019autre, mais la plupart ont v\u00e9cu un ou deux \u00e9pisodes. La gravit\u00e9 des \u00e9pisodes va de l\u00e9ger \u00e0 s\u00e9v\u00e8re.<\/p>\n<!-- \/wp:paragraph -->\n\n<!-- wp:paragraph -->\n<p>Toutes les femmes interview\u00e9es prennent de fa\u00e7on r\u00e9guli\u00e8re une m\u00e9dication \u00e0 long terme.<\/p>\n<!-- \/wp:paragraph -->\n\n<!-- wp:paragraph -->\n<p>\u00c0 ce jour, on constate une certaine h\u00e9t\u00e9rog\u00e9n\u00e9it\u00e9 au niveau des sympt\u00f4mes r\u00e9siduels. Alors qu\u2019une participante n\u2019a plus de sympt\u00f4mes, d\u2019autres doivent composer avec des d\u00e9ficits cognitifs (probl\u00e8mes de m\u00e9moire et de concentration), de l\u2019anxi\u00e9t\u00e9, un trouble obsessif-compulsif (r\u00e9p\u00e9ter des actions, comportements compulsifs). Une participante rapporte des sympt\u00f4mes de type parano\u00efde mais qui ne sont pas envahissants outre mesure \u00ab J\u2019ai peur que les gens ne m\u2019aiment pas \u00bb.<\/p>\n<!-- \/wp:paragraph -->\n\n<!-- wp:paragraph -->\n<p><\/p>\n<!-- \/wp:paragraph -->\n\n<!-- wp:heading {\"level\":4} -->\n<h4><span style=\"text-decoration: underline;\">Les habilet\u00e9s fonctionnelles: <\/span><\/h4>\n<!-- \/wp:heading -->\n\n<!-- wp:paragraph -->\n<p>Chez la plupart des participantes, le probl\u00e8me de sant\u00e9 mentale limite les habilet\u00e9s fonctionnelles, et ce \u00e0 diff\u00e9rents degr\u00e9s. Ainsi, une participante souligne que son diagnostic restreint ses habilet\u00e9s cognitives et son attention partag\u00e9e (multit\u00e2ches) et qu\u2019elle est plus isol\u00e9e depuis le probl\u00e8me de sant\u00e9 mentale. Une seconde participante consid\u00e8re qu\u2019elle a plus de difficult\u00e9s \u00e0 se faire des amis depuis la maladie. <\/p>\n<!-- \/wp:paragraph -->\n\n<!-- wp:paragraph -->\n<p>Au niveau du travail, le probl\u00e8me de sant\u00e9 mentale a des r\u00e9percussions importantes aupr\u00e8s des participantes : incapacit\u00e9 d\u2019int\u00e9grer le march\u00e9 r\u00e9gulier du travail, incapacit\u00e9 \u00e0 d\u00e9marrer son entreprise, longue p\u00e9riode de ch\u00f4mage. D\u2019autres r\u00e9percussions ont \u00e9t\u00e9 cit\u00e9es&nbsp;: baisse de l\u2019estime de soi, difficult\u00e9 \u00e0 s\u2019affirmer et difficult\u00e9 \u00e0 rencontrer un partenaire.<\/p>\n<!-- \/wp:paragraph -->\n\n<!-- wp:paragraph -->\n<p><\/p>\n<!-- \/wp:paragraph -->\n\n<!-- wp:heading {\"level\":4} -->\n<h4><span style=\"text-decoration: underline;\">Deuils:<\/span><\/h4>\n<!-- \/wp:heading -->\n\n<!-- wp:paragraph -->\n<p>Nul doute, le fait d\u2019avoir un probl\u00e8me de sant\u00e9 mentale a amen\u00e9 les participantes \u00e0 faire des deuils&nbsp;: deuil du march\u00e9 r\u00e9gulier du travail, deuil d\u2019avoir une bonne relation avec sa famille, deuil de la m\u00e9moire, deuil de voyager \u00e0 long terme et deuil d\u2019avoir des enfants. Une participante affirme qu\u2019elle a fait le deuil d\u2019\u00eatre une personne ayant un mode de vie compl\u00e8tement libre, c\u2019est-\u00e0-dire une personne qui ne travaille pas et qui fait de l\u2019art toute la journ\u00e9e&nbsp;: \u00ab En ayant la schizophr\u00e9nie, je dois avoir une routine, un travail, sans quoi je redeviendrais malade. \u00bb&nbsp; &nbsp;&nbsp;<\/p>\n<!-- \/wp:paragraph -->\n\n<!-- wp:paragraph -->\n<p>Lorsqu\u2019on demande aux participantes ce que leur v\u00e9cu en sant\u00e9 mentale leur a appris sur elles-m\u00eames, plusieurs mentionnent leur grande force et leur capacit\u00e9 \u00e0 traverser n\u2019importe quelle \u00e9preuve. Le propos suivant exprime bien cette id\u00e9e&nbsp;: \u00ab Si j\u2019ai surv\u00e9cu jusqu\u2019ici c\u2019est que je suis une femme forte. \u00bb Une autre participante r\u00e9alise qu\u2019elle est une personne bien et qu\u2019elle en fait assez \u00ab Si j\u2019avais un tatouage, j\u2019aimerais que \u00e7a soit <em>Just enough<\/em>. \u00bb &nbsp;&nbsp;&nbsp;&nbsp;<\/p>\n<!-- \/wp:paragraph -->\n\n<!-- wp:paragraph -->\n<p><\/p>\n<!-- \/wp:paragraph -->\n\n<!-- wp:heading {\"level\":3} -->\n<h3>R\u00e9tablissement des participantes  <\/h3>\n<!-- \/wp:heading -->\n\n<!-- wp:paragraph -->\n<p><\/p>\n<!-- \/wp:paragraph -->\n\n<!-- wp:heading {\"level\":4} -->\n<h4><span style=\"text-decoration: underline;\">Le soutien social: <\/span><\/h4>\n<!-- \/wp:heading -->\n\n<!-- wp:paragraph -->\n<p>Le soutien social est un \u00e9l\u00e9ment crucial dans le r\u00e9tablissement des participantes. Que ce soient des parents soutenants et qui croient en elle, un pair-aidant dans un organisme, les m\u00e9dias sociaux, leur mari, leurs enfants, la fratrie, des amis, le voisinage, des figures significatives au travail, toutes les femmes interview\u00e9es ont eu besoin d\u2019un filet social pour s\u2019en sortir. <\/p>\n<!-- \/wp:paragraph -->\n\n<!-- wp:paragraph -->\n<p>N\u00e9anmoins, pour deux participantes, le noyau familial a \u00e9t\u00e9 source de grandes tensions, ce qui a n\u00e9cessit\u00e9 de prendre une distance vis-\u00e0-vis de certains membres.<\/p>\n<!-- \/wp:paragraph -->\n\n<!-- wp:paragraph -->\n<p>La tr\u00e8s grande majorit\u00e9 des participantes ont b\u00e9n\u00e9fici\u00e9 et continuent de profiter du soutien d\u2019intervenants et de professionnels de la sant\u00e9. Quatre participantes sur six consultent un psychiatre, tandis que les deux autres voient un m\u00e9decin de famille. La moiti\u00e9 des participantes ont un suivi avec une travailleuse sociale.<\/p>\n<!-- \/wp:paragraph -->\n\n<!-- wp:paragraph -->\n<p>Une participante souligne l\u2019apport positif de son suivi ant\u00e9rieur en ergoth\u00e9rapie&nbsp;: \u00ab L\u2019ergoth\u00e9rapeute me donnait plus confiance en moi. Elle m\u2019a donn\u00e9 une strat\u00e9gie pour que je n\u2019aie pas envie de r\u00e9p\u00e9ter mes gestes. \u00bb<\/p>\n<!-- \/wp:paragraph -->\n\n<!-- wp:paragraph -->\n<p>Une autre participante mentionne qu\u2019une infirmi\u00e8re a jou\u00e9 un r\u00f4le d\u00e9cisif dans son r\u00e9tablissement&nbsp;: \u00ab Elle me prenait dans un local et \u00e0 chaque soir qu\u2019elle travaillait, on parlait ensemble. C\u2019est l\u00e0 que j\u2019ai commenc\u00e9 \u00e0 plus verbaliser mes probl\u00e8mes. \u00bb<\/p>\n<!-- \/wp:paragraph -->\n\n<!-- wp:paragraph -->\n<p>Certaines participantes re\u00e7oivent \u00e9galement du soutien d\u2019intervenants dans leur milieu de vie. &nbsp;<\/p>\n<!-- \/wp:paragraph -->\n\n<!-- wp:image {\"id\":575,\"width\":616,\"height\":411,\"sizeSlug\":\"large\",\"linkDestination\":\"none\"} -->\n<figure class=\"wp-block-image size-large is-resized\"><img src=\"https:\/\/blogchicchezvous.com\/wp-content\/uploads\/2021\/06\/ic24.jpg\" alt=\"\" class=\"wp-image-575\" width=\"616\" height=\"411\"\/><\/figure>\n<!-- \/wp:image -->\n\n<!-- wp:heading {\"level\":4} -->\n<h4><span style=\"text-decoration: underline;\">Les organismes communautaires et les th\u00e9rapies:<\/span><\/h4>\n<!-- \/wp:heading -->\n\n<!-- wp:paragraph -->\n<p>La contribution des organismes communautaires dans le processus de r\u00e9tablissement des participantes est substantielle. Par exemple, une femme interview\u00e9e raconte comment le fait d\u2019avoir effectu\u00e9 une d\u00e9marche dans un centre de connaissance de soi lui a permis de mieux se conna\u00eetre, d\u2019avoir des outils pour mieux communiquer et d\u2019\u00eatre en groupe avec des personnes comme elle.<\/p>\n<!-- \/wp:paragraph -->\n\n<!-- wp:paragraph -->\n<p>Les participantes ont re\u00e7u de l\u2019aide d\u2019organismes communautaires en sant\u00e9 mentale, de groupes de soutien pour d\u00e9pendances, d\u2019une maison d\u2019h\u00e9bergement pour femmes violent\u00e9es de m\u00eame qu\u2019un centre des femmes. Une participante a effectu\u00e9 plusieurs th\u00e9rapies, notamment la th\u00e9rapie cognitivo-comportementale, un programme sur la gestion des \u00e9motions et un cours sur les relations humaines.<\/p>\n<!-- \/wp:paragraph -->\n\n<!-- wp:paragraph -->\n<p>Cette derni\u00e8re participante t\u00e9moigne&nbsp;que : \u00ab Les th\u00e9rapies ne m\u2019ont pas appris \u00e0 voir le verre \u00e0 moiti\u00e9 plein (\u00eatre toujours positif). Elles ne m\u2019ont pas appris \u00e0 voir le verre \u00e0 moiti\u00e9 vide (\u00eatre n\u00e9gatif), mais \u00e0 voir le verre \u00e0 moiti\u00e9 (\u00eatre positif mais se donner le droit d\u2019\u00eatre n\u00e9gatif). \u00bb &nbsp;&nbsp;&nbsp;&nbsp;&nbsp;&nbsp;&nbsp;&nbsp;&nbsp;&nbsp;&nbsp;&nbsp;&nbsp;&nbsp;&nbsp;&nbsp;&nbsp;&nbsp;&nbsp;<\/p>\n<!-- \/wp:paragraph -->\n\n<!-- wp:paragraph -->\n<p><\/p>\n<!-- \/wp:paragraph -->\n\n<!-- wp:heading {\"level\":4} -->\n<h4><span style=\"text-decoration: underline;\">Les activit\u00e9s significatives<\/span>: <\/h4>\n<!-- \/wp:heading -->\n\n<!-- wp:paragraph -->\n<p>Prendre part \u00e0 des activit\u00e9s significatives aide les participantes \u00e0 surmonter leur probl\u00e8me de sant\u00e9 mentale. C\u2019est ainsi que l\u2019\u00e9criture permet \u00e0 certaines participantes de prendre du recul par rapport \u00e0 ce qu\u2019elles vivent&nbsp;: \u00ab Mon journal intime me donne des indices que je suis peut-\u00eatre plus fragile. \u00bb Pour une autre participante, c\u2019est la traduction qui est un passe-temps significatif.<\/p>\n<!-- \/wp:paragraph -->\n\n<!-- wp:paragraph -->\n<p>Certaines femmes interview\u00e9es ont mentionn\u00e9 que le fait de cuisiner de bons repas les maintient dans un \u00e9tat d\u2019\u00e9quilibre&nbsp;: \u00ab Je me suis r\u00e9tablie principalement par la cuisine. Ricardo m\u2019a beaucoup aid\u00e9 parce que ses recettes sont simples. \u00bb<\/p>\n<!-- \/wp:paragraph -->\n\n<!-- wp:paragraph -->\n<p>Les participantes ont identifi\u00e9 les activit\u00e9s suivantes comme \u00e9tant particuli\u00e8rement aidantes&nbsp;: les arts, la m\u00e9ditation, l\u2019utilisation de la technologie (tablette, jeux vid\u00e9o, t\u00e9l\u00e9vision), \u00e9couter des humoristes, le tricot et la couture. \u00c0 cet effet, une participante raconte&nbsp;: \u00ab Pendant mon internement, j\u2019ai commenc\u00e9 \u00e0 faire de la couture et ma sant\u00e9 mentale est devenue meilleure. \u00c7a peut para\u00eetre clich\u00e9 mais coudre des v\u00eatements m\u2019a vraiment sauv\u00e9e. \u00bb &nbsp;<\/p>\n<!-- \/wp:paragraph -->\n\n<!-- wp:paragraph -->\n<p><\/p>\n<!-- \/wp:paragraph -->\n\n<!-- wp:heading {\"level\":4} -->\n<h4><span style=\"text-decoration: underline;\">La spiritualit\u00e9<\/span>: <\/h4>\n<!-- \/wp:heading -->\n\n<!-- wp:paragraph -->\n<p>Toutes les femmes interview\u00e9es consid\u00e8rent que la spiritualit\u00e9 contribue \u00e0 leur r\u00e9tablissement. La spiritualit\u00e9 permet en effet de r\u00e9duire les inqui\u00e9tudes, de supporter la souffrance et de donner un sens \u00e0 la vie.<\/p>\n<!-- \/wp:paragraph -->\n\n<!-- wp:paragraph -->\n<p>Les citations qui suivent montrent l\u2019importance de la spiritualit\u00e9 lorsqu\u2019on est utilisateur de services en sant\u00e9 mentale&nbsp;: \u00ab Je crois qu\u2019il y a quelque chose en haut qui nous aide \u00bb ou encore \u00ab La spiritualit\u00e9 me fait du bien. Je parle \u00e0 ma grand-m\u00e8re d\u00e9c\u00e9d\u00e9e. Mon p\u00e8re l\u2019a peinte et j\u2019ai le cadre dans ma chambre avec le crucifix. Je demande \u00e0 ma grand-m\u00e8re de m\u2019aider. \u00bb <\/p>\n<!-- \/wp:paragraph -->\n\n<!-- wp:paragraph -->\n<p>D\u2019autres participantes expriment leurs croyances ainsi&nbsp;: \u00ab Je n\u2019adh\u00e8re pas \u00e0 une religion en tant que telle mais j\u2019aime beaucoup penser \u00e0 la spiritualit\u00e9. \u00bb ou encore \u00ab Je prie beaucoup. Je porte mon J\u00e9sus sur moi et, \u00e0 la maison, j\u2019ai une feuille o\u00f9 s\u2019est inscrit que J\u00e9sus est le ma\u00eetre de ma maison et qu\u2019il est mon sauveur. \u00bb Enfin, une participante t\u00e9moigne&nbsp;: \u00ab Il y a une place, la chapelle de la r\u00e9paration, o\u00f9 on va moi et mon mari, c\u2019est comme un chemin de croix. Quand on entre l\u00e0, on oublie tous nos probl\u00e8mes. \u00bb &nbsp;&nbsp;&nbsp;&nbsp;&nbsp;&nbsp;&nbsp;&nbsp;&nbsp;&nbsp;&nbsp;<\/p>\n<!-- \/wp:paragraph -->\n\n<!-- wp:paragraph -->\n<p><\/p>\n<!-- \/wp:paragraph -->\n\n<!-- wp:heading {\"level\":3} -->\n<h3>Les r\u00eaves et les aspirations <\/h3>\n<!-- \/wp:heading -->\n\n<!-- wp:paragraph -->\n<p>Les r\u00eaves des participantes s\u2019inscrivent dans la continuit\u00e9&nbsp;: \u00ab continuer la traduction du blogue, rester dans ma famille d\u2019accueil et conserver mon travail chez Collection Innova jusqu\u2019\u00e0 la retraite. \u00bb La moiti\u00e9 des participantes expriment le d\u00e9sir de faire un voyage dans le futur. Deux participantes aimeraient accomplir des projets qui les m\u00e8neraient \u00e0 l\u2019ext\u00e9rieur de leur zone de confort&nbsp;: cr\u00e9er sa ligne de v\u00eatements et \u00e9tudier \u00e0 l\u2019Universit\u00e9. &nbsp;&nbsp;<\/p>\n<!-- \/wp:paragraph -->\n\n<!-- wp:paragraph -->\n<p>Les femmes interrog\u00e9es poss\u00e8dent plusieurs forces qui les ont aid\u00e9es \u00e0 se r\u00e9tablir&nbsp;: la pers\u00e9v\u00e9rance et la d\u00e9termination, la cr\u00e9ativit\u00e9, le sens de l\u2019humour de m\u00eame que le fait d\u2019\u00eatre travaillante, joviale et sociable.&nbsp;<\/p>\n<!-- \/wp:paragraph -->\n\n<!-- wp:paragraph -->\n<p><\/p>\n<!-- \/wp:paragraph -->\n\n<!-- wp:heading {\"level\":3} -->\n<h3>Le march\u00e9 du travail <\/h3>\n<!-- \/wp:heading -->\n\n<!-- wp:paragraph -->\n<p>Avant d\u2019\u00eatre embauch\u00e9es chez Groupe Innova, la majorit\u00e9 des participantes ont occup\u00e9 des emplois vari\u00e9s, certaines ayant occup\u00e9 de nombreux emplois. Or, le maintien en emploi a souvent \u00e9t\u00e9 de courte ou moyenne dur\u00e9e (moins de 4 ans). Deux participantes ont \u00e9prouv\u00e9 des difficult\u00e9s \u00e0 travailler sur le march\u00e9 r\u00e9gulier de l\u2019emploi. <\/p>\n<!-- \/wp:paragraph -->\n\n<!-- wp:paragraph -->\n<p>Une autre participante n\u2019a pas travaill\u00e9 pendant une longue p\u00e9riode mais elle a ensuite particip\u00e9 \u00e0 diff\u00e9rents programmes qui l\u2019ont aid\u00e9e \u00e0 se r\u00e9ins\u00e9rer professionnellement. Notons que plusieurs participantes ont fait appel \u00e0 l\u2019Arrimage, un service d\u2019aide \u00e0 l\u2019emploi, pour int\u00e9grer Groupe Innova. &nbsp;&nbsp;&nbsp;&nbsp;<\/p>\n<!-- \/wp:paragraph -->\n\n<!-- wp:paragraph -->\n<p><\/p>\n<!-- \/wp:paragraph -->\n\n<!-- wp:heading {\"level\":3} -->\n<h3>Groupe Innova (<a href=\"https:\/\/blogchicchezvous.com\/entreprise\/\">https:\/\/blogchicchezvous.com\/entreprise\/<\/a>) <\/h3>\n<!-- \/wp:heading -->\n\n<!-- wp:paragraph -->\n<p>Selon les participantes, Groupe Innova est une entreprise ayant une excellente ambiance de travail et qui offre une atmosph\u00e8re d\u2019empowerment: \u00ab Tout le monde est tout le temps de bonne humeur. Avant, j\u2019avais de la mis\u00e8re \u00e0 sourire. Maintenant \u00e7a va. \u00bb ou encore \u00ab Les gens sont g\u00e9niaux et gentils. C\u2019est la plus belle \u00e9quipe avec laquelle j\u2019ai travaill\u00e9. Les gens se parlent, se complimentent, on a tout un peu le m\u00eame point de vue politique, un peu de gauche. \u00bb Une autre participante abonde dans le m\u00eame sens&nbsp;: \u00ab C\u2019est vraiment un bon emploi. C\u2019est l\u2019emploi r\u00eav\u00e9. \u00bb et une autre d\u2019ajouter \u00ab C\u2019est une approche humaine, sans comp\u00e9tition. On fait chacun notre affaire et on s\u2019aide mutuellement. \u00bb<\/p>\n<!-- \/wp:paragraph -->\n\n<!-- wp:paragraph -->\n<p><\/p>\n<!-- \/wp:paragraph -->\n\n<!-- wp:heading {\"level\":4} -->\n<h4><span style=\"text-decoration: underline;\">Un lieu de socialisation:<\/span><\/h4>\n<!-- \/wp:heading -->\n\n<!-- wp:paragraph -->\n<p>Groupe Innova est un lieu de socialisation qui permet de cr\u00e9er des liens et de se faire des amis&nbsp;: \u00ab J\u2019ai r\u00e9ussi \u00e0 cr\u00e9er des liens qui font que je me sens importante. Pas que je me sens pr\u00e9tentieuse, je sens que j\u2019ai de l\u2019importance pour des gens. \u00c7a ne remplace pas une famille mais ici je me sens bien. J\u2019ai trouv\u00e9 ma place ici. \u00bb<\/p>\n<!-- \/wp:paragraph -->\n\n<!-- wp:paragraph -->\n<p><\/p>\n<!-- \/wp:paragraph -->\n\n<!-- wp:heading {\"level\":4} -->\n<h4><span style=\"text-decoration: underline;\">D\u00e9velopper des habilet\u00e9s<\/span>: <\/h4>\n<!-- \/wp:heading -->\n\n<!-- wp:paragraph -->\n<p>C\u2019est une entreprise qui permet de d\u00e9velopper des habilet\u00e9s. Les citations qui suivent expriment bien cette id\u00e9e&nbsp;: \u00ab Je travaille mes habilet\u00e9s manuelles. Il y a un c\u00f4t\u00e9 zen \u00e0 couper des fils. \u00bb ou encore \u00ab Je deviens meilleure couturi\u00e8re. Je gagne de la rapidit\u00e9. \u00bb<\/p>\n<!-- \/wp:paragraph -->\n\n<!-- wp:image {\"id\":573,\"width\":631,\"height\":421,\"sizeSlug\":\"large\",\"linkDestination\":\"none\"} -->\n<figure class=\"wp-block-image size-large is-resized\"><img src=\"https:\/\/blogchicchezvous.com\/wp-content\/uploads\/2021\/06\/ic23.jpg\" alt=\"\" class=\"wp-image-573\" width=\"631\" height=\"421\"\/><\/figure>\n<!-- \/wp:image -->\n\n<!-- wp:heading {\"level\":4} -->\n<h4><span style=\"text-decoration: underline;\">Accommodements:<\/span><\/h4>\n<!-- \/wp:heading -->\n\n<!-- wp:paragraph -->\n<p>En tant qu\u2019entreprise sociale, Groupe Innova met en place des accommodements et des adaptations qui tiennent compte de la r\u00e9alit\u00e9 des utilisateurs de services en sant\u00e9 mentale. Ainsi, l\u2019employeur n\u2019h\u00e9site pas \u00e0 adapter les t\u00e2ches ou \u00e0 proposer des postes sur mesure. Un accommodement particuli\u00e8rement significatif est le fait qu\u2019il y a moins de pression que sur le march\u00e9 r\u00e9gulier du travail&nbsp;: \u00ab C\u2019est un endroit qui accepte que j\u2019aie eu une maladie mentale. Si je faisais un autre \u00e9pisode, c\u2019est un endroit qui comprendrait. \u00bb ou encore \u00ab Quand je suis arriv\u00e9e ici et que j\u2019avais de la mis\u00e8re \u00e0 apprendre des choses, je pleurais tout le temps. On me disait que je devais prendre le temps d\u2019apprendre. \u00bb Une autre participante souligne cette flexibilit\u00e9&nbsp;: \u00ab J\u2019ai un jour ouvrable de libre, donc je profite de cette journ\u00e9e pour recevoir mon injection ou faire des commissions. \u00bb &nbsp;<\/p>\n<!-- \/wp:paragraph -->\n\n<!-- wp:paragraph -->\n<p><\/p>\n<!-- \/wp:paragraph -->\n\n<!-- wp:heading {\"level\":4} -->\n<h4><span style=\"text-decoration: underline;\">D\u00e9fis:<\/span><\/h4>\n<!-- \/wp:heading -->\n\n<!-- wp:paragraph -->\n<p>Groupe Innova est ainsi un milieu adapt\u00e9 mais qui offre en m\u00eame temps des d\u00e9fis selon les capacit\u00e9s des travailleurs&nbsp;: \u00ab C\u2019est du travail en ligne, c\u2019est de la r\u00e9p\u00e9tition mais je ne fais pas la m\u00eame chose depuis six mois. \u00bb Une autre participante mentionne&nbsp;: \u00ab Il y a beaucoup d\u2019ouverture \u00e0 ce qu\u2019on apprenne de nouvelles choses. \u00bb &nbsp;<\/p>\n<!-- \/wp:paragraph -->\n\n<!-- wp:paragraph -->\n<p><\/p>\n<!-- \/wp:paragraph -->\n\n<!-- wp:heading {\"level\":4} -->\n<h4><span style=\"text-decoration: underline;\">Confiance en soi:<\/span><\/h4>\n<!-- \/wp:heading -->\n\n<!-- wp:paragraph -->\n<p>Les participantes s\u2019entendent pour dire que l\u2019entreprise contribue \u00e0 rehausser leur confiance en soi&nbsp;: \u00ab Puisqu\u2019ils [les patrons] ont confiance en moi, \u00e7a me donne confiance en moi. \u00bb ou encore \u00ab Le fait qu\u2019ils [les patrons] me donnaient toujours plus de responsabilit\u00e9s a augment\u00e9 ma confiance en moi. \u00bb &nbsp;&nbsp;<\/p>\n<!-- \/wp:paragraph -->\n\n<!-- wp:paragraph -->\n<p><\/p>\n<!-- \/wp:paragraph -->\n\n<!-- wp:heading {\"level\":4} -->\n<h4><span style=\"text-decoration: underline;\">Travailler avec des coll\u00e8gues ayant un probl\u00e8me de sant\u00e9 mentale:<\/span><\/h4>\n<!-- \/wp:heading -->\n\n<!-- wp:paragraph -->\n<p>La majorit\u00e9 des travailleuses sont \u00e0 l\u2019aise de travailler avec d\u2019autres personnes ayant des probl\u00e8mes de sant\u00e9 mentale&nbsp;: \u00ab Je trouve \u00e7a rassurant de travailler avec d\u2019autres personnes qui ont des troubles de sant\u00e9 mentale, car lorsque tu es la seule personne qui a des troubles de sant\u00e9 mentale, tu es un peu mis \u00e0 l\u2019\u00e9cart. \u00bb Une autre participante affirme&nbsp;: \u00ab \u00c7a ne me d\u00e9range pas. Pourvu que ce ne soit pas un fou violent. En Ha\u00efti, on appelle \u00e7a un fou doux. On aime les fous doux. \u00bb Par ailleurs, une femme interrog\u00e9e exprime qu\u2019elle a toujours une petite peur&nbsp;: \u00ab Tu ne sais jamais comment les gens vont r\u00e9agir. J\u2019ai peur que quelqu\u2019un tombe en d\u00e9s\u00e9quilibre. Je ne saurais pas quoi faire ni \u00e0 qui demander de l\u2019aide. \u00bb<\/p>\n<!-- \/wp:paragraph -->\n\n<!-- wp:paragraph -->\n<p><\/p>\n<!-- \/wp:paragraph -->\n\n<!-- wp:heading {\"level\":4} -->\n<h4><span style=\"text-decoration: underline;\">Conditions de travail:<\/span><\/h4>\n<!-- \/wp:heading -->\n\n<!-- wp:paragraph -->\n<p>Globalement, les participantes se disent satisfaites de leurs conditions de travail. Cependant, le salaire est un enjeu qui pr\u00e9occupe une participante&nbsp;: \u00ab On gagne le salaire minimum. Ce n\u2019est pas beaucoup quand on a une famille. Moi je suis chanceuse car nous avons deux salaires qui rentrent \u00e0 la maison. Mais ceux qui ont un seul salaire, je ne sais pas comment ils font pour arriver. Ils doivent se priver beaucoup. \u00bb Une seconde participante aimerait pouvoir travailler 40 heures par semaine afin d\u2019augmenter son salaire. Le fait qu\u2019il n\u2019y ait pas d\u2019assurances en cas de maladie a \u00e9galement \u00e9t\u00e9 rapport\u00e9. &nbsp;<\/p>\n<!-- \/wp:paragraph -->\n\n<!-- wp:paragraph -->\n<p><\/p>\n<!-- \/wp:paragraph -->\n\n<!-- wp:heading {\"level\":3} -->\n<h3>En conclusion: parcours de r\u00e9tablissement <\/h3>\n<!-- \/wp:heading -->\n\n<!-- wp:paragraph -->\n<p>D\u2019apr\u00e8s les entrevues r\u00e9alis\u00e9es, il va sans dire que la maladie mentale cause bien des remous. Elle provoque dans certains cas des sympt\u00f4mes r\u00e9siduels qui limitent les habilet\u00e9s fonctionnelles. Elle exige de faire des deuils \u00e0 un \u00e2ge relativement jeune. Pour s\u2019en sortir, les femmes interrog\u00e9es ont d\u00fb d\u00e9ployer une immense force int\u00e9rieure. Certainement, la m\u00e9dication au long cours contribue \u00e0 la stabilit\u00e9 psychique des participantes, mais pas que.<\/p>\n<!-- \/wp:paragraph -->\n\n<!-- wp:paragraph -->\n<p>Les trajectoires des participantes r\u00e9v\u00e8lent que le soutien social, le soutien des professionnels de la sant\u00e9, les organismes communautaires, l\u2019accomplissement d\u2019activit\u00e9s significatives, la spiritualit\u00e9 et l\u2019utilisation de ses atouts m\u00e8nent aussi au r\u00e9tablissement.<\/p>\n<!-- \/wp:paragraph -->\n\n<!-- wp:paragraph -->\n<p>Chose certaine, pour permettre une exp\u00e9rience professionnelle gratifiante et favoriser le maintien en emploi des personnes ayant un probl\u00e8me de sant\u00e9 mentale, il importe de cr\u00e9er des milieux de travail tol\u00e9rants, tel que chez Groupe Innova. Des milieux o\u00f9 il y a une r\u00e9elle coh\u00e9sion sociale et qui offrent un juste \u00e9quilibre entre d\u00e9fis et accommodements.<\/p>\n<!-- \/wp:paragraph -->\n\n<!-- wp:paragraph -->\n<p>Je tiens \u00e0 remercier les six participantes pour leur grande g\u00e9n\u00e9rosit\u00e9 et leur ouverture \u00e0 se d\u00e9voiler dans toute leur vuln\u00e9rabilit\u00e9. &nbsp;&nbsp;<\/p>\n<!-- \/wp:paragraph -->","_et_gb_content_width":"","footnotes":""},"categories":[12],"tags":[],"class_list":["post-261","post","type-post","status-publish","format-standard","has-post-thumbnail","hentry","category-non-classe-fr"],"yoast_head":"<!-- This site is optimized with the Yoast SEO plugin v26.9 - https:\/\/yoast.com\/product\/yoast-seo-wordpress\/ -->\n<title>Blogue Chic chez vous: parcours de r\u00e9tablissement de six travailleuses<\/title>\n<meta name=\"description\" content=\"Cet article explore le parcours de r\u00e9tablissement de six travailleuses \u00e0 l&#039;emploi de Groupe Innova et ayant un probl\u00e8me de sant\u00e9 mentale.\" \/>\n<meta name=\"robots\" content=\"index, follow, max-snippet:-1, max-image-preview:large, max-video-preview:-1\" \/>\n<link rel=\"canonical\" href=\"https:\/\/blogchicchezvous.com\/en\/2021\/03\/02\/parcours-de-retablissement-de-six-travailleuses-a-lemploi-de-groupe-innova\/\" \/>\n<meta property=\"og:locale\" content=\"en_US\" \/>\n<meta property=\"og:type\" content=\"article\" \/>\n<meta property=\"og:title\" content=\"Blogue Chic chez vous: parcours de r\u00e9tablissement de six travailleuses\" \/>\n<meta property=\"og:description\" content=\"Cet article explore le parcours de r\u00e9tablissement de six travailleuses \u00e0 l&#039;emploi de Groupe Innova et ayant un probl\u00e8me de sant\u00e9 mentale.\" \/>\n<meta property=\"og:url\" content=\"https:\/\/blogchicchezvous.com\/en\/2021\/03\/02\/parcours-de-retablissement-de-six-travailleuses-a-lemploi-de-groupe-innova\/\" \/>\n<meta property=\"og:site_name\" content=\"Blogue Chic chez vous\" \/>\n<meta property=\"article:publisher\" content=\"https:\/\/www.facebook.com\/chicchezvous\" \/>\n<meta property=\"article:published_time\" content=\"2021-03-02T20:42:18+00:00\" \/>\n<meta property=\"article:modified_time\" content=\"2021-07-08T01:14:14+00:00\" \/>\n<meta property=\"og:image\" content=\"https:\/\/i1.wp.com\/blogchicchezvous.com\/wp-content\/uploads\/2021\/03\/ic22.jpg?fit=300%2C264&ssl=1\" \/>\n\t<meta property=\"og:image:width\" content=\"300\" \/>\n\t<meta property=\"og:image:height\" content=\"264\" \/>\n\t<meta property=\"og:image:type\" content=\"image\/jpeg\" \/>\n<meta name=\"author\" content=\"Prunelle\" \/>\n<meta name=\"twitter:card\" content=\"summary_large_image\" \/>\n<meta name=\"twitter:label1\" content=\"Written by\" \/>\n\t<meta name=\"twitter:data1\" content=\"Prunelle\" \/>\n\t<meta name=\"twitter:label2\" content=\"Est. reading time\" \/>\n\t<meta name=\"twitter:data2\" content=\"12 minutes\" \/>\n<script type=\"application\/ld+json\" class=\"yoast-schema-graph\">{\"@context\":\"https:\/\/schema.org\",\"@graph\":[{\"@type\":\"Article\",\"@id\":\"https:\/\/blogchicchezvous.com\/en\/2021\/03\/02\/parcours-de-retablissement-de-six-travailleuses-a-lemploi-de-groupe-innova\/#article\",\"isPartOf\":{\"@id\":\"https:\/\/blogchicchezvous.com\/en\/2021\/03\/02\/parcours-de-retablissement-de-six-travailleuses-a-lemploi-de-groupe-innova\/\"},\"author\":{\"name\":\"Prunelle\",\"@id\":\"https:\/\/blogchicchezvous.com\/#\/schema\/person\/c79d46c44d7756ae02c188274efc8810\"},\"headline\":\"Parcours de r\u00e9tablissement de six travailleuses\",\"datePublished\":\"2021-03-02T20:42:18+00:00\",\"dateModified\":\"2021-07-08T01:14:14+00:00\",\"mainEntityOfPage\":{\"@id\":\"https:\/\/blogchicchezvous.com\/en\/2021\/03\/02\/parcours-de-retablissement-de-six-travailleuses-a-lemploi-de-groupe-innova\/\"},\"wordCount\":2956,\"commentCount\":5,\"publisher\":{\"@id\":\"https:\/\/blogchicchezvous.com\/#organization\"},\"image\":{\"@id\":\"https:\/\/blogchicchezvous.com\/en\/2021\/03\/02\/parcours-de-retablissement-de-six-travailleuses-a-lemploi-de-groupe-innova\/#primaryimage\"},\"thumbnailUrl\":\"https:\/\/blogchicchezvous.com\/wp-content\/uploads\/2021\/03\/ic22.jpg\",\"articleSection\":[\"Sant\u00e9 mentale\"],\"inLanguage\":\"en-CA\",\"potentialAction\":[{\"@type\":\"CommentAction\",\"name\":\"Comment\",\"target\":[\"https:\/\/blogchicchezvous.com\/en\/2021\/03\/02\/parcours-de-retablissement-de-six-travailleuses-a-lemploi-de-groupe-innova\/#respond\"]}]},{\"@type\":\"WebPage\",\"@id\":\"https:\/\/blogchicchezvous.com\/en\/2021\/03\/02\/parcours-de-retablissement-de-six-travailleuses-a-lemploi-de-groupe-innova\/\",\"url\":\"https:\/\/blogchicchezvous.com\/en\/2021\/03\/02\/parcours-de-retablissement-de-six-travailleuses-a-lemploi-de-groupe-innova\/\",\"name\":\"Blogue Chic chez vous: parcours de r\u00e9tablissement de six travailleuses\",\"isPartOf\":{\"@id\":\"https:\/\/blogchicchezvous.com\/#website\"},\"primaryImageOfPage\":{\"@id\":\"https:\/\/blogchicchezvous.com\/en\/2021\/03\/02\/parcours-de-retablissement-de-six-travailleuses-a-lemploi-de-groupe-innova\/#primaryimage\"},\"image\":{\"@id\":\"https:\/\/blogchicchezvous.com\/en\/2021\/03\/02\/parcours-de-retablissement-de-six-travailleuses-a-lemploi-de-groupe-innova\/#primaryimage\"},\"thumbnailUrl\":\"https:\/\/blogchicchezvous.com\/wp-content\/uploads\/2021\/03\/ic22.jpg\",\"datePublished\":\"2021-03-02T20:42:18+00:00\",\"dateModified\":\"2021-07-08T01:14:14+00:00\",\"description\":\"Cet article explore le parcours de r\u00e9tablissement de six travailleuses \u00e0 l'emploi de Groupe Innova et ayant un probl\u00e8me de sant\u00e9 mentale.\",\"breadcrumb\":{\"@id\":\"https:\/\/blogchicchezvous.com\/en\/2021\/03\/02\/parcours-de-retablissement-de-six-travailleuses-a-lemploi-de-groupe-innova\/#breadcrumb\"},\"inLanguage\":\"en-CA\",\"potentialAction\":[{\"@type\":\"ReadAction\",\"target\":[\"https:\/\/blogchicchezvous.com\/en\/2021\/03\/02\/parcours-de-retablissement-de-six-travailleuses-a-lemploi-de-groupe-innova\/\"]}]},{\"@type\":\"ImageObject\",\"inLanguage\":\"en-CA\",\"@id\":\"https:\/\/blogchicchezvous.com\/en\/2021\/03\/02\/parcours-de-retablissement-de-six-travailleuses-a-lemploi-de-groupe-innova\/#primaryimage\",\"url\":\"https:\/\/blogchicchezvous.com\/wp-content\/uploads\/2021\/03\/ic22.jpg\",\"contentUrl\":\"https:\/\/blogchicchezvous.com\/wp-content\/uploads\/2021\/03\/ic22.jpg\",\"width\":300,\"height\":264},{\"@type\":\"BreadcrumbList\",\"@id\":\"https:\/\/blogchicchezvous.com\/en\/2021\/03\/02\/parcours-de-retablissement-de-six-travailleuses-a-lemploi-de-groupe-innova\/#breadcrumb\",\"itemListElement\":[{\"@type\":\"ListItem\",\"position\":1,\"name\":\"Accueil\",\"item\":\"https:\/\/blogchicchezvous.com\/\"},{\"@type\":\"ListItem\",\"position\":2,\"name\":\"Parcours de r\u00e9tablissement de six travailleuses\"}]},{\"@type\":\"WebSite\",\"@id\":\"https:\/\/blogchicchezvous.com\/#website\",\"url\":\"https:\/\/blogchicchezvous.com\/\",\"name\":\"Blogue Chic chez vous\",\"description\":\"On parle de vieillissement et de sant\u00e9 mentale \",\"publisher\":{\"@id\":\"https:\/\/blogchicchezvous.com\/#organization\"},\"potentialAction\":[{\"@type\":\"SearchAction\",\"target\":{\"@type\":\"EntryPoint\",\"urlTemplate\":\"https:\/\/blogchicchezvous.com\/?s={search_term_string}\"},\"query-input\":{\"@type\":\"PropertyValueSpecification\",\"valueRequired\":true,\"valueName\":\"search_term_string\"}}],\"inLanguage\":\"en-CA\"},{\"@type\":\"Organization\",\"@id\":\"https:\/\/blogchicchezvous.com\/#organization\",\"name\":\"Les Boutiques Chic chez vous\",\"url\":\"https:\/\/blogchicchezvous.com\/\",\"logo\":{\"@type\":\"ImageObject\",\"inLanguage\":\"en-CA\",\"@id\":\"https:\/\/blogchicchezvous.com\/#\/schema\/logo\/image\/\",\"url\":\"https:\/\/i1.wp.com\/blogchicchezvous.com\/wp-content\/uploads\/2020\/12\/cropped-cropped-logo-1.png?fit=250%2C250&ssl=1\",\"contentUrl\":\"https:\/\/i1.wp.com\/blogchicchezvous.com\/wp-content\/uploads\/2020\/12\/cropped-cropped-logo-1.png?fit=250%2C250&ssl=1\",\"width\":250,\"height\":250,\"caption\":\"Les Boutiques Chic chez vous\"},\"image\":{\"@id\":\"https:\/\/blogchicchezvous.com\/#\/schema\/logo\/image\/\"},\"sameAs\":[\"https:\/\/www.facebook.com\/chicchezvous\"]},{\"@type\":\"Person\",\"@id\":\"https:\/\/blogchicchezvous.com\/#\/schema\/person\/c79d46c44d7756ae02c188274efc8810\",\"name\":\"Prunelle\",\"image\":{\"@type\":\"ImageObject\",\"inLanguage\":\"en-CA\",\"@id\":\"https:\/\/blogchicchezvous.com\/#\/schema\/person\/image\/\",\"url\":\"https:\/\/secure.gravatar.com\/avatar\/571a371dcc65e748d9eb06b3a5d30c316c89a51b0d8860d865e4913438085838?s=96&d=mm&r=g\",\"contentUrl\":\"https:\/\/secure.gravatar.com\/avatar\/571a371dcc65e748d9eb06b3a5d30c316c89a51b0d8860d865e4913438085838?s=96&d=mm&r=g\",\"caption\":\"Prunelle\"},\"sameAs\":[\"https:\/\/blogchicchezvous.com\"],\"url\":\"https:\/\/blogchicchezvous.com\/en\/author\/admin\/\"}]}<\/script>\n<!-- \/ Yoast SEO plugin. -->","yoast_head_json":{"title":"Blogue Chic chez vous: parcours de r\u00e9tablissement de six travailleuses","description":"Cet article explore le parcours de r\u00e9tablissement de six travailleuses \u00e0 l'emploi de Groupe Innova et ayant un probl\u00e8me de sant\u00e9 mentale.","robots":{"index":"index","follow":"follow","max-snippet":"max-snippet:-1","max-image-preview":"max-image-preview:large","max-video-preview":"max-video-preview:-1"},"canonical":"https:\/\/blogchicchezvous.com\/en\/2021\/03\/02\/parcours-de-retablissement-de-six-travailleuses-a-lemploi-de-groupe-innova\/","og_locale":"en_US","og_type":"article","og_title":"Blogue Chic chez vous: parcours de r\u00e9tablissement de six travailleuses","og_description":"Cet article explore le parcours de r\u00e9tablissement de six travailleuses \u00e0 l'emploi de Groupe Innova et ayant un probl\u00e8me de sant\u00e9 mentale.","og_url":"https:\/\/blogchicchezvous.com\/en\/2021\/03\/02\/parcours-de-retablissement-de-six-travailleuses-a-lemploi-de-groupe-innova\/","og_site_name":"Blogue Chic chez vous","article_publisher":"https:\/\/www.facebook.com\/chicchezvous","article_published_time":"2021-03-02T20:42:18+00:00","article_modified_time":"2021-07-08T01:14:14+00:00","og_image":[{"width":300,"height":264,"url":"https:\/\/i1.wp.com\/blogchicchezvous.com\/wp-content\/uploads\/2021\/03\/ic22.jpg?fit=300%2C264&ssl=1","type":"image\/jpeg"}],"author":"Prunelle","twitter_card":"summary_large_image","twitter_misc":{"Written by":"Prunelle","Est. reading time":"12 minutes"},"schema":{"@context":"https:\/\/schema.org","@graph":[{"@type":"Article","@id":"https:\/\/blogchicchezvous.com\/en\/2021\/03\/02\/parcours-de-retablissement-de-six-travailleuses-a-lemploi-de-groupe-innova\/#article","isPartOf":{"@id":"https:\/\/blogchicchezvous.com\/en\/2021\/03\/02\/parcours-de-retablissement-de-six-travailleuses-a-lemploi-de-groupe-innova\/"},"author":{"name":"Prunelle","@id":"https:\/\/blogchicchezvous.com\/#\/schema\/person\/c79d46c44d7756ae02c188274efc8810"},"headline":"Parcours de r\u00e9tablissement de six travailleuses","datePublished":"2021-03-02T20:42:18+00:00","dateModified":"2021-07-08T01:14:14+00:00","mainEntityOfPage":{"@id":"https:\/\/blogchicchezvous.com\/en\/2021\/03\/02\/parcours-de-retablissement-de-six-travailleuses-a-lemploi-de-groupe-innova\/"},"wordCount":2956,"commentCount":5,"publisher":{"@id":"https:\/\/blogchicchezvous.com\/#organization"},"image":{"@id":"https:\/\/blogchicchezvous.com\/en\/2021\/03\/02\/parcours-de-retablissement-de-six-travailleuses-a-lemploi-de-groupe-innova\/#primaryimage"},"thumbnailUrl":"https:\/\/blogchicchezvous.com\/wp-content\/uploads\/2021\/03\/ic22.jpg","articleSection":["Sant\u00e9 mentale"],"inLanguage":"en-CA","potentialAction":[{"@type":"CommentAction","name":"Comment","target":["https:\/\/blogchicchezvous.com\/en\/2021\/03\/02\/parcours-de-retablissement-de-six-travailleuses-a-lemploi-de-groupe-innova\/#respond"]}]},{"@type":"WebPage","@id":"https:\/\/blogchicchezvous.com\/en\/2021\/03\/02\/parcours-de-retablissement-de-six-travailleuses-a-lemploi-de-groupe-innova\/","url":"https:\/\/blogchicchezvous.com\/en\/2021\/03\/02\/parcours-de-retablissement-de-six-travailleuses-a-lemploi-de-groupe-innova\/","name":"Blogue Chic chez vous: parcours de r\u00e9tablissement de six travailleuses","isPartOf":{"@id":"https:\/\/blogchicchezvous.com\/#website"},"primaryImageOfPage":{"@id":"https:\/\/blogchicchezvous.com\/en\/2021\/03\/02\/parcours-de-retablissement-de-six-travailleuses-a-lemploi-de-groupe-innova\/#primaryimage"},"image":{"@id":"https:\/\/blogchicchezvous.com\/en\/2021\/03\/02\/parcours-de-retablissement-de-six-travailleuses-a-lemploi-de-groupe-innova\/#primaryimage"},"thumbnailUrl":"https:\/\/blogchicchezvous.com\/wp-content\/uploads\/2021\/03\/ic22.jpg","datePublished":"2021-03-02T20:42:18+00:00","dateModified":"2021-07-08T01:14:14+00:00","description":"Cet article explore le parcours de r\u00e9tablissement de six travailleuses \u00e0 l'emploi de Groupe Innova et ayant un probl\u00e8me de sant\u00e9 mentale.","breadcrumb":{"@id":"https:\/\/blogchicchezvous.com\/en\/2021\/03\/02\/parcours-de-retablissement-de-six-travailleuses-a-lemploi-de-groupe-innova\/#breadcrumb"},"inLanguage":"en-CA","potentialAction":[{"@type":"ReadAction","target":["https:\/\/blogchicchezvous.com\/en\/2021\/03\/02\/parcours-de-retablissement-de-six-travailleuses-a-lemploi-de-groupe-innova\/"]}]},{"@type":"ImageObject","inLanguage":"en-CA","@id":"https:\/\/blogchicchezvous.com\/en\/2021\/03\/02\/parcours-de-retablissement-de-six-travailleuses-a-lemploi-de-groupe-innova\/#primaryimage","url":"https:\/\/blogchicchezvous.com\/wp-content\/uploads\/2021\/03\/ic22.jpg","contentUrl":"https:\/\/blogchicchezvous.com\/wp-content\/uploads\/2021\/03\/ic22.jpg","width":300,"height":264},{"@type":"BreadcrumbList","@id":"https:\/\/blogchicchezvous.com\/en\/2021\/03\/02\/parcours-de-retablissement-de-six-travailleuses-a-lemploi-de-groupe-innova\/#breadcrumb","itemListElement":[{"@type":"ListItem","position":1,"name":"Accueil","item":"https:\/\/blogchicchezvous.com\/"},{"@type":"ListItem","position":2,"name":"Parcours de r\u00e9tablissement de six travailleuses"}]},{"@type":"WebSite","@id":"https:\/\/blogchicchezvous.com\/#website","url":"https:\/\/blogchicchezvous.com\/","name":"Chic chez vous blog","description":"We talk about aging and mental health","publisher":{"@id":"https:\/\/blogchicchezvous.com\/#organization"},"potentialAction":[{"@type":"SearchAction","target":{"@type":"EntryPoint","urlTemplate":"https:\/\/blogchicchezvous.com\/?s={search_term_string}"},"query-input":{"@type":"PropertyValueSpecification","valueRequired":true,"valueName":"search_term_string"}}],"inLanguage":"en-CA"},{"@type":"Organization","@id":"https:\/\/blogchicchezvous.com\/#organization","name":"Boutiques Chic chez vous","url":"https:\/\/blogchicchezvous.com\/","logo":{"@type":"ImageObject","inLanguage":"en-CA","@id":"https:\/\/blogchicchezvous.com\/#\/schema\/logo\/image\/","url":"https:\/\/i1.wp.com\/blogchicchezvous.com\/wp-content\/uploads\/2020\/12\/cropped-cropped-logo-1.png?fit=250%2C250&ssl=1","contentUrl":"https:\/\/i1.wp.com\/blogchicchezvous.com\/wp-content\/uploads\/2020\/12\/cropped-cropped-logo-1.png?fit=250%2C250&ssl=1","width":250,"height":250,"caption":"Les Boutiques Chic chez vous"},"image":{"@id":"https:\/\/blogchicchezvous.com\/#\/schema\/logo\/image\/"},"sameAs":["https:\/\/www.facebook.com\/chicchezvous"]},{"@type":"Person","@id":"https:\/\/blogchicchezvous.com\/#\/schema\/person\/c79d46c44d7756ae02c188274efc8810","name":"Prunelle","image":{"@type":"ImageObject","inLanguage":"en-CA","@id":"https:\/\/blogchicchezvous.com\/#\/schema\/person\/image\/","url":"https:\/\/secure.gravatar.com\/avatar\/571a371dcc65e748d9eb06b3a5d30c316c89a51b0d8860d865e4913438085838?s=96&d=mm&r=g","contentUrl":"https:\/\/secure.gravatar.com\/avatar\/571a371dcc65e748d9eb06b3a5d30c316c89a51b0d8860d865e4913438085838?s=96&d=mm&r=g","caption":"Prunelle"},"sameAs":["https:\/\/blogchicchezvous.com"],"url":"https:\/\/blogchicchezvous.com\/en\/author\/admin\/"}]}},"_links":{"self":[{"href":"https:\/\/blogchicchezvous.com\/en\/wp-json\/wp\/v2\/posts\/261","targetHints":{"allow":["GET"]}}],"collection":[{"href":"https:\/\/blogchicchezvous.com\/en\/wp-json\/wp\/v2\/posts"}],"about":[{"href":"https:\/\/blogchicchezvous.com\/en\/wp-json\/wp\/v2\/types\/post"}],"author":[{"embeddable":true,"href":"https:\/\/blogchicchezvous.com\/en\/wp-json\/wp\/v2\/users\/1"}],"replies":[{"embeddable":true,"href":"https:\/\/blogchicchezvous.com\/en\/wp-json\/wp\/v2\/comments?post=261"}],"version-history":[{"count":27,"href":"https:\/\/blogchicchezvous.com\/en\/wp-json\/wp\/v2\/posts\/261\/revisions"}],"predecessor-version":[{"id":1138,"href":"https:\/\/blogchicchezvous.com\/en\/wp-json\/wp\/v2\/posts\/261\/revisions\/1138"}],"wp:featuredmedia":[{"embeddable":true,"href":"https:\/\/blogchicchezvous.com\/en\/wp-json\/wp\/v2\/media\/572"}],"wp:attachment":[{"href":"https:\/\/blogchicchezvous.com\/en\/wp-json\/wp\/v2\/media?parent=261"}],"wp:term":[{"taxonomy":"category","embeddable":true,"href":"https:\/\/blogchicchezvous.com\/en\/wp-json\/wp\/v2\/categories?post=261"},{"taxonomy":"post_tag","embeddable":true,"href":"https:\/\/blogchicchezvous.com\/en\/wp-json\/wp\/v2\/tags?post=261"}],"curies":[{"name":"wp","href":"https:\/\/api.w.org\/{rel}","templated":true}]}}