{"id":404,"date":"2021-04-13T17:08:09","date_gmt":"2021-04-13T17:08:09","guid":{"rendered":"https:\/\/blogchicchezvous.com\/?p=404"},"modified":"2021-07-07T23:25:26","modified_gmt":"2021-07-07T23:25:26","slug":"proche-aidant","status":"publish","type":"post","link":"https:\/\/blogchicchezvous.com\/en\/2021\/04\/13\/proche-aidant\/","title":{"rendered":"The role of caregivers for the elderly"},"content":{"rendered":"<p>[et_pb_section fb_built=\u00a0\u00bb1&Prime; _builder_version=\u00a0\u00bb3.22&Prime;][et_pb_row _builder_version=\u00a0\u00bb3.25&Prime; background_size=\u00a0\u00bbinitial\u00a0\u00bb background_position=\u00a0\u00bbtop_left\u00a0\u00bb background_repeat=\u00a0\u00bbrepeat\u00a0\u00bb][et_pb_column type=\u00a0\u00bb4_4&Prime; _builder_version=\u00a0\u00bb3.25&Prime; custom_padding=\u00a0\u00bb|||\u00a0\u00bb custom_padding__hover=\u00a0\u00bb|||\u00a0\u00bb][et_pb_text _builder_version=\u00a0\u00bb4.9.7&Prime; text_text_color=\u00a0\u00bb#000000&Prime; text_font_size=\u00a0\u00bb19px\u00a0\u00bb background_size=\u00a0\u00bbinitial\u00a0\u00bb background_position=\u00a0\u00bbtop_left\u00a0\u00bb background_repeat=\u00a0\u00bbrepeat\u00a0\u00bb hover_enabled=\u00a0\u00bb0&Prime; sticky_enabled=\u00a0\u00bb0&Prime; header_2_text_color=\u00a0\u00bb#003344&Prime; header_3_text_color=\u00a0\u00bb#003344&Prime;]<\/p>\n<p><!-- divi:paragraph -->La population qu\u00e9b\u00e9coise vieillit. Les proches aidants des a\u00een\u00e9s deviendront de plus en plus nombreux.<\/p>\n<p><!-- \/divi:paragraph --><\/p>\n<p><!-- divi:paragraph -->Force est de constater que leur implication est significative au sein de notre soci\u00e9t\u00e9. En effet, 70 \u00e0 80% des soins re\u00e7us par une personne atteinte d\u2019une maladie neurocognitive sont prodigu\u00e9s par un proche aidant. Et comme le dit le V\u00e9rificateur g\u00e9n\u00e9ral du Qu\u00e9bec, les proches aidants font \u00e9conomiser 4 milliards de dollars au syst\u00e8me de sant\u00e9 qu\u00e9b\u00e9cois chaque ann\u00e9e.<\/p>\n<p><!-- \/divi:paragraph --><\/p>\n<p><!-- divi:paragraph -->Malgr\u00e9 leur apport inestimable, ils travaillent souvent dans l\u2019ombre et retirent peu de reconnaissance.<\/p>\n<p><!-- \/divi:paragraph --><\/p>\n<p><!-- divi:paragraph -->C\u2019est pourquoi cet article a pour but de valoriser leur contribution. Ainsi, je discuterai de leur quotidien, des difficult\u00e9s et b\u00e9n\u00e9fices inh\u00e9rents \u00e0 ce r\u00f4le, de leurs droits, de la conciliation travail\/proche aidance et du soutien financier actuel et envisag\u00e9.<\/p>\n<p><!-- \/divi:paragraph --><\/p>\n<p><!-- divi:paragraph -->Pour que finalement, nous puissions reconna\u00eetre la grande valeur socio-\u00e9conomique des proches aidants de nos ain\u00e9s.<\/p>\n<p>&nbsp;<\/p>\n<p><!-- \/divi:paragraph --><\/p>\n<p><!-- divi:heading {\"level\":3} --><\/p>\n<h2><strong>Qu&rsquo;est-ce qu&rsquo;un proche aidant d&rsquo;a\u00een\u00e9s ?<\/strong><\/h2>\n<p><strong><\/strong><\/p>\n<p><!-- \/divi:heading --><\/p>\n<p><!-- divi:paragraph -->Un proche aidant d\u2019a\u00een\u00e9s est une personne qui offre du soutien et des soins \u00e0 une personne du 3e ou 4e\u00a0\u00e2ge ayant une incapacit\u00e9. Il y a une relation familiale ou affective entre l\u2019aidant et l\u2019aid\u00e9. Souvent, ce r\u00f4le va de soi et la plupart des proches aidants ne se consid\u00e8rent pas comme tels. Pourtant, lorsqu\u2019il y a une perte d\u2019autonomie importante, ce r\u00f4le implique des responsabilit\u00e9s significatives qui exigent beaucoup d\u2019ajustements.<\/p>\n<p>&nbsp;<\/p>\n<p><!-- \/divi:paragraph --><\/p>\n<p><!-- divi:heading {\"level\":3} --><\/p>\n<h2><strong>La proche aidance selon le genre<\/strong><\/h2>\n<p><strong><\/strong><\/p>\n<p><!-- \/divi:heading --><\/p>\n<p><!-- divi:paragraph -->\u00c0 ce jour, le r\u00f4le de proche aidant d\u2019a\u00een\u00e9s est assum\u00e9 par plus de femmes que d\u2019hommes. En effet, selon le Conseil du statut de la femme (2018), 58% sont des femmes. Cependant, cette r\u00e9alit\u00e9 tend \u00e0 changer puisque de plus en plus d\u2019hommes s\u2019engage dans ce r\u00f4le.<\/p>\n<p>&nbsp;<\/p>\n<p><!-- \/divi:paragraph --><\/p>\n<p><!-- divi:heading {\"level\":3} --><\/p>\n<h2><strong>Le quotidien des proches aidants d&rsquo;a\u00een\u00e9s<\/strong><\/h2>\n<p><strong><\/strong><\/p>\n<p><!-- \/divi:heading --><\/p>\n<p><!-- divi:paragraph -->Au d\u00e9but de la relation aidant-aid\u00e9, le r\u00f4le de l\u2019aidant peut \u00eatre d\u2019offrir du soutien affectif et \u00e9motionnel, de l\u2019accompagnement pour des rendez-vous et de l\u2019aide pour le transport. Au fur et \u00e0 mesure que la perte d\u2019autonomie s\u2019accentue, l\u2019aidant assume de plus en plus d\u2019activit\u00e9s de la vie quotidienne et domestique (ex. repas, gestion des m\u00e9dicaments, habillage), puis il devient dispensateur de soins parfois complexes (ex. soin des plaies).<\/p>\n<p><!-- \/divi:paragraph --><\/p>\n<p><!-- divi:image {\"id\":563,\"width\":643,\"height\":429,\"sizeSlug\":\"large\",\"linkDestination\":\"none\"} --><\/p>\n<figure class=\"wp-block-image size-large is-resized\"><img loading=\"lazy\" decoding=\"async\" src=\"https:\/\/blogchicchezvous.com\/wp-content\/uploads\/2021\/06\/ic17.jpg\" alt=\"\" class=\"wp-image-563\" width=\"643\" height=\"429\" srcset=\"https:\/\/blogchicchezvous.com\/wp-content\/uploads\/2021\/06\/ic17.jpg 300w, https:\/\/blogchicchezvous.com\/wp-content\/uploads\/2021\/06\/ic17-16x12.jpg 16w\" sizes=\"auto, (max-width: 643px) 100vw, 643px\" \/><\/figure>\n<p><!-- \/divi:image --><\/p>\n<p><!-- divi:heading {\"level\":3} --><\/p>\n<h3><\/h3>\n<h2><strong>Les difficult\u00e9s d&rsquo;\u00eatre proche aidant d&rsquo;a\u00een\u00e9s<\/strong><\/h2>\n<p><strong><\/strong><\/p>\n<p><!-- \/divi:heading --><\/p>\n<p><!-- divi:paragraph -->\u00c9tant donn\u00e9 leur grande implication physique et psychologique, beaucoup de proches aidants ressentent une accumulation de stress. Lorsque l\u2019\u00e9tat de stress se chronicise, cela peut mener vers l\u2019anxi\u00e9t\u00e9, la d\u00e9pression ou l\u2019\u00e9puisement.<\/p>\n<p><!-- \/divi:paragraph --><\/p>\n<p><!-- divi:paragraph -->Les proches aidants peuvent \u00eatre enclins \u00e0 adopter des habitudes alimentaires moins saines, diminuer leur activit\u00e9 physique, diminuer leur temps de sommeil et consommer davantage de m\u00e9dicaments.<\/p>\n<p><!-- \/divi:paragraph --><\/p>\n<p><!-- divi:paragraph -->Il leur est parfois difficile de trouver un juste \u00e9quilibre entre les t\u00e2ches de proche aidant et les autres r\u00f4les familiaux, professionnels et sociaux. Ils consacrent souvent moins de temps au divertissement, \u00e0 la d\u00e9tente et aux activit\u00e9s sociales.<\/p>\n<p><!-- \/divi:paragraph --><\/p>\n<p><!-- divi:paragraph -->Les proches aidants doivent parfois faire face \u00e0 des deuils blancs, ce qui est tr\u00e8s difficile. Lors d\u2019un deuil blanc, la personnalit\u00e9 de la personne atteinte change tranquillement (par exemple dans le cadre d\u2019une maladie neurocognitive).<\/p>\n<p><!-- \/divi:paragraph --><\/p>\n<p><!-- divi:paragraph -->Au point o\u00f9 la personne n\u2019est plus ce qu\u2019elle \u00e9tait avant. Le proche aidant doit renoncer \u00e0 ses plans d\u2019avenir avec l\u2019\u00eatre aim\u00e9 et perd la qualit\u00e9 des \u00e9changes. Le deuil blanc est diff\u00e9rent du deuil \u00e0 la suite d\u2019un d\u00e9c\u00e8s, puisque la personne atteinte est encore pr\u00e9sente et partage toujours notre quotidien. Le deuil blanc entra\u00eene culpabilit\u00e9, col\u00e8re et impuissance.<\/p>\n<p><!-- \/divi:paragraph --><\/p>\n<p><!-- divi:paragraph -->Enfin, les proches aidants sont parfois confront\u00e9s \u00e0 des choix difficiles au niveau de l\u2019h\u00e9bergement, des niveaux de soins et de l\u2019accompagnement en fin de vie.<\/p>\n<p>&nbsp;<\/p>\n<p><!-- \/divi:paragraph --><\/p>\n<p><!-- divi:heading {\"level\":3} --><\/p>\n<h2><strong>Les b\u00e9n\u00e9fices d&rsquo;\u00eatre proche aidant d&rsquo;a\u00een\u00e9s<\/strong><\/h2>\n<p><strong><\/strong><\/p>\n<p><!-- \/divi:heading --><\/p>\n<p><!-- divi:paragraph -->Le r\u00f4le de proche aidant d\u2019a\u00een\u00e9s est certes exigeant, mais il apporte aussi certains b\u00e9n\u00e9fices. Ainsi, il est tr\u00e8s valorisant de contribuer au mieux-\u00eatre de son proche. La proche aidance permet aussi d\u2019entretenir une relation de grande proximit\u00e9 avec son proche. Enfin, \u00eatre proche aidant am\u00e8ne \u00e0 plus se conna\u00eetre, \u00e0 mieux d\u00e9finir ses propres besoins et ses limites.<\/p>\n<p>&nbsp;<\/p>\n<p><!-- \/divi:paragraph --><\/p>\n<p><!-- divi:heading {\"level\":3} --><\/p>\n<h2><strong>Les droits du proche aidant d&rsquo;a\u00een\u00e9s<\/strong><\/h2>\n<p><strong><\/strong><\/p>\n<p><!-- \/divi:heading --><\/p>\n<p><!-- divi:paragraph -->Vu l\u2019ampleur de la t\u00e2che du proche aidant d\u2019a\u00een\u00e9s et comme il est partie prenante de l\u2019\u00e9quipe de soins, il importe de souligner ses droits\u00a0:<\/p>\n<p>&nbsp;<\/p>\n<p><!-- \/divi:paragraph --><\/p>\n<p><!-- divi:heading {\"level\":5} --><\/p>\n<h3><strong>Droit \u00e0 une information juste et compl\u00e8te<\/strong><\/h3>\n<p><strong><\/strong><\/p>\n<p><!-- \/divi:heading --><\/p>\n<p><!-- divi:paragraph -->Le proche aidant doit \u00eatre inform\u00e9 des ressources afin de mener \u00e0 bien ses t\u00e2ches aupr\u00e8s de la personne aid\u00e9e (quels sont les services offerts comme le soutien \u00e0 domicile, l\u2019acc\u00e8s \u00e0 des professionnels de la sant\u00e9, les ressources de r\u00e9pit et les ressources destin\u00e9es sp\u00e9cifiquement au proche aidant).<\/p>\n<p>&nbsp;<\/p>\n<p><!-- \/divi:paragraph --><\/p>\n<p><!-- divi:heading {\"level\":5} --><\/p>\n<h3><strong>Droit \u00e0 la reconnaissance de son expertise<\/strong><\/h3>\n<p><strong><\/strong><\/p>\n<p><!-- \/divi:heading --><\/p>\n<p><!-- divi:paragraph -->Selon son degr\u00e9 d\u2019implication, le proche aidant peut d\u00e9tenir une connaissance pointue et compl\u00e8te de la personne aid\u00e9e. Il est essentiel qu\u2019il soit engag\u00e9 dans les d\u00e9cisions entourant l\u2019aid\u00e9. Il ne faut pas sous-estimer l\u2019apport du proche aidant dans l\u2019\u00e9laboration du plan de traitement. Son contact continu et r\u00e9gulier avec la personne aid\u00e9e fait de lui un expert de la situation de cette derni\u00e8re.<\/p>\n<p>&nbsp;<\/p>\n<p><!-- \/divi:paragraph --><\/p>\n<p><!-- divi:heading {\"level\":5} --><\/p>\n<h3><strong>Droit \u00e0 l&rsquo;accessibilit\u00e9<\/strong><\/h3>\n<p><strong><\/strong><\/p>\n<p><!-- \/divi:heading --><\/p>\n<p><!-- divi:paragraph -->Renforcer l\u2019accessibilit\u00e9 \u00e0 des \u00e9l\u00e9ments susceptibles de faciliter les t\u00e2ches du proche aidant. Par exemple, l\u2019acc\u00e8s au dossier m\u00e9dical de la personne aid\u00e9e. Ou encore l\u2019acc\u00e8s \u00e0 des ressources financi\u00e8res de fa\u00e7on \u00e0 limiter certaines d\u00e9penses (ex. tarifs de stationnement, frais de repas dans les institutions).<\/p>\n<p>&nbsp;<\/p>\n<p><!-- \/divi:paragraph --><\/p>\n<p><!-- divi:heading {\"level\":3} --><\/p>\n<h2><strong>La conciliation travail\/proche aidance<\/strong><\/h2>\n<p><strong><\/strong><\/p>\n<p><!-- \/divi:heading --><\/p>\n<p><!-- divi:paragraph -->D\u2019autre part, il est g\u00e9n\u00e9ralement reconnu que les proches aidants d\u2019a\u00een\u00e9s s\u2019appauvrissent lorsqu\u2019ils prennent soin d\u2019un proche, en particulier lorsque les soins requi\u00e8rent un engagement de 20 heures et plus par semaine.<\/p>\n<p><!-- \/divi:paragraph --><\/p>\n<p><!-- divi:paragraph -->C\u2019est pourquoi le march\u00e9 du travail devrait s\u2019adapter aux r\u00e9alit\u00e9s des proches aidants d\u2019a\u00een\u00e9s. Cette flexibilit\u00e9 pourrait \u00eatre\u00a0:<\/p>\n<p><!-- \/divi:paragraph --><\/p>\n<p><!-- divi:list --><\/p>\n<ul>\n<li>D\u2019inclure les proches aidants dans la loi sur les normes du travail. En permettant par exemple \u00e0 tout proche aidant de prendre un certain nombre de journ\u00e9es de cong\u00e9 par ann\u00e9e (dont quelques-uns avec solde) afin de fournir des soins ou du soutien \u00e0 un proche.<\/li>\n<\/ul>\n<p><!-- \/divi:list --><\/p>\n<p><!-- divi:list --><\/p>\n<ul>\n<li>De mettre en place, au minist\u00e8re du Travail, de l\u2019Emploi et de la solidarit\u00e9 sociale, un programme de r\u00e9insertion en emploi ciblant sp\u00e9cifiquement les proches aidants. Ceci dans le but de renforcer la reconnaissance de leurs acquis (dont leur expertise comme proche aidant) et les outiller dans la recherche d\u2019emploi ou de formation.<\/li>\n<\/ul>\n<p><!-- \/divi:list --><\/p>\n<p><!-- divi:heading {\"level\":3} --><\/p>\n<h3><\/h3>\n<p>&nbsp;<\/p>\n<h2><strong>Soutien financier aux proches aidants<\/strong><\/h2>\n<p><strong><\/strong><\/p>\n<p><!-- \/divi:heading --><\/p>\n<p><!-- divi:paragraph -->Sur le plan financier, il existe actuellement au Canada trois mesures de soutien \u00e9conomique aux proches aidants (1- le cr\u00e9dit d\u2019imp\u00f4t canadien pour aidant naturel; 2- des prestations de compassion; 3- une allocation de reconnaissance pour aidant de v\u00e9t\u00e9rans). Au Qu\u00e9bec, les mesures de soutien pour aidant sont des cr\u00e9dits d\u2019imp\u00f4t remboursables.<\/p>\n<p><!-- \/divi:paragraph --><\/p>\n<p><!-- divi:image {\"id\":561,\"width\":619,\"height\":413,\"sizeSlug\":\"large\",\"linkDestination\":\"none\"} --><\/p>\n<figure class=\"wp-block-image size-large is-resized\"><img loading=\"lazy\" decoding=\"async\" src=\"https:\/\/blogchicchezvous.com\/wp-content\/uploads\/2021\/06\/ic16.jpg\" alt=\"\" class=\"wp-image-561\" width=\"619\" height=\"413\" srcset=\"https:\/\/blogchicchezvous.com\/wp-content\/uploads\/2021\/06\/ic16.jpg 300w, https:\/\/blogchicchezvous.com\/wp-content\/uploads\/2021\/06\/ic16-16x12.jpg 16w\" sizes=\"auto, (max-width: 619px) 100vw, 619px\" \/><\/figure>\n<p><!-- \/divi:image --><\/p>\n<p>&nbsp;<\/p>\n<p><!-- divi:paragraph -->Ces mesures de soutien financier sont un pas dans la bonne direction, mais elles sont insuffisantes pour faire face au vieillissement de la population. Insuffisantes pour all\u00e9ger la pression exerc\u00e9e sur les proches aidants.<\/p>\n<p><!-- \/divi:paragraph --><\/p>\n<p><!-- divi:paragraph -->Il faudrait ainsi garantir aux proches aidants un soutien \u00e9conomique leur permettant d\u2019exercer leur r\u00f4le sans s\u2019appauvrir. Cela pourrait \u00eatre\u00a0:<\/p>\n<p><!-- \/divi:paragraph --><\/p>\n<p><!-- divi:list --><\/p>\n<ul>\n<li>De cr\u00e9er une allocation provinciale de soutien aux proches aidants qui consacrent 20 heures et plus de soins et de soutien hebdomadaires \u00e0 une personne.<\/li>\n<\/ul>\n<p><!-- \/divi:list --><\/p>\n<p><!-- divi:list --><\/p>\n<ul>\n<li>De modifier les cr\u00e9dits d\u2019imp\u00f4t provincial pour proches aidants afin qu\u2019ils ne se basent plus sur le profil de l\u2019aid\u00e9e, mais plut\u00f4t sur les frais encourus par les aidants.<\/li>\n<\/ul>\n<p><!-- \/divi:list --><\/p>\n<p><!-- divi:list --><\/p>\n<ul>\n<li>L\u2019octroi d\u2019un cr\u00e9dit annuel de rente dans le cadre du R\u00e9gime de rentes du Qu\u00e9bec (RRQ) \u00e0 tout cotisant qui se serait retir\u00e9 du march\u00e9 du travail pour s\u2019occuper d\u2019un proche.<\/li>\n<\/ul>\n<p><!-- \/divi:list --><\/p>\n<p><!-- divi:heading {\"level\":3} --><\/p>\n<h3><\/h3>\n<p>&nbsp;<\/p>\n<h2><strong>Le r\u00f4le de proche aidant d&rsquo;a\u00een\u00e9s: en conclusion<\/strong><\/h2>\n<p><strong><\/strong><\/p>\n<p><!-- \/divi:heading --><\/p>\n<p><!-- divi:paragraph -->En tant que proche aidant d\u2019a\u00een\u00e9s, on peut se sentir tr\u00e8s seul. Nous pouvons avoir l\u2019impression que personne ne comprend ce qu\u2019on vit. On peut vite se sentir d\u00e9pass\u00e9s par la lourdeur des responsabilit\u00e9s. Particuli\u00e8rement lorsque la perte d\u2019autonomie de notre proche s\u2019accentue et que les soins deviennent de plus en plus complexes. Il peut s\u2019ensuivre un stress chronique et une difficult\u00e9 \u00e0 maintenir de bonnes habitudes de vie.<\/p>\n<p><!-- \/divi:paragraph --><\/p>\n<p><!-- divi:paragraph -->En revanche, plusieurs facteurs de protection peuvent nous aider comme proche aidant\u00a0: mettre de l\u2019avant ses droits au sein du syst\u00e8me de sant\u00e9 et de la soci\u00e9t\u00e9, encourager des mesures de conciliation travail\/proche aidance, am\u00e9liorer le soutien financier et \u00eatre bien entour\u00e9.<\/p>\n<p><!-- \/divi:paragraph --><\/p>\n<p><!-- divi:paragraph -->Sans oublier qu\u2019il existe diff\u00e9rentes ressources pour les a\u00een\u00e9s et les proches aidants.<\/p>\n<p>&nbsp;<\/p>\n<p><!-- \/divi:paragraph --><\/p>\n<p><!-- divi:paragraph --><\/p>\n<p><!-- \/divi:paragraph --><\/p>\n<p><!-- divi:heading {\"level\":3} --><\/p>\n<h2><strong>Entreprises d&rsquo;\u00e9conomie sociale destin\u00e9es aux a\u00een\u00e9s et proches aidants (\u00e0 Montr\u00e9al)<\/strong><\/h2>\n<p><strong><\/strong><\/p>\n<p><!-- \/divi:heading --><\/p>\n<p><!-- divi:paragraph -->Tout d\u2019abord, les entreprises d\u2019\u00e9conomie sociale exercent des activit\u00e9s \u00e9conomiques \u00e0 des fins sociales, c\u2019est-\u00e0-dire qu\u2019elles vendent ou \u00e9changent des biens et services dans le but de faire un profit qui est ensuite investit dans une mission sociale.<\/p>\n<p>&nbsp;<\/p>\n<p><!-- \/divi:paragraph --><\/p>\n<p><!-- divi:heading {\"level\":4} --><\/p>\n<h3><strong>Des entreprises d&rsquo;\u00e9conomie sociale d&rsquo;aide \u00e0 domicile (EESAD)<\/strong><\/h3>\n<p><strong><\/strong><\/p>\n<p><!-- \/divi:heading --><\/p>\n<p><!-- divi:paragraph -->Les EESAD (<a href=\"https:\/\/eesad.org\/\">https:\/\/eesad.org\/<\/a>) contribuent au soutien \u00e0 domicile en fournissant des services domestiques (entretien m\u00e9nager, entretien des v\u00eatements, pr\u00e9paration de repas, approvisionnement, etc.) \u00e0 des personnes ayant des incapacit\u00e9s. Ce type de services est financ\u00e9 \u00e0 la fois par les b\u00e9n\u00e9ficiaires, qui contribuent en fonction de leurs revenus, et par le gouvernement du Qu\u00e9bec.<\/p>\n<p><!-- \/divi:paragraph --><\/p>\n<p><!-- divi:paragraph -->Les EESAD peuvent \u00e9galement offrir des services aux proches aidants tels que le r\u00e9pit.<\/p>\n<p><!-- \/divi:paragraph --><\/p>\n<p><!-- divi:image {\"id\":407,\"sizeSlug\":\"large\",\"linkDestination\":\"none\"} --><\/p>\n<figure class=\"wp-block-image size-large\"><img decoding=\"async\" src=\"https:\/\/blogchicchezvous.com\/wp-content\/uploads\/2021\/04\/logo_esaad.png\" alt=\"\" class=\"wp-image-407\" \/><\/figure>\n<p><!-- \/divi:image --><\/p>\n<p><!-- divi:list --><\/p>\n<ul>\n<li><strong>La Grande Vadrouille<\/strong> (entretien m\u00e9nager, pr\u00e9paration de repas, approvisionnement, r\u00e9pit) 514-341-0443<\/li>\n<\/ul>\n<p><!-- \/divi:list --><\/p>\n<p><!-- divi:list --><\/p>\n<ul>\n<li><strong>Plumeau, Chiffon et compagnie <\/strong>(entretien m\u00e9nager, pr\u00e9paration de repas, approvisionnement, r\u00e9pit) 514-523-6626<\/li>\n<\/ul>\n<p><!-- \/divi:list --><\/p>\n<p><!-- divi:list --><\/p>\n<ul>\n<li><strong>R\u00e9pit-Ressource de l&rsquo;Est de Montr\u00e9al <\/strong>(r\u00e9pit) 514-353-1479<\/li>\n<\/ul>\n<p><!-- \/divi:list --><\/p>\n<p><!-- divi:list --><\/p>\n<ul>\n<li><strong>Coop\u00e9rative de solidarit\u00e9 Novaide <\/strong>(entretien m\u00e9nager, pr\u00e9paration de repas, approvisionnement, r\u00e9pit) 514-278-6767 poste 200<\/li>\n<\/ul>\n<p><!-- \/divi:list --><\/p>\n<p><!-- divi:list --><\/p>\n<ul>\n<li><strong>Coup de Balai inc. <\/strong>(entretien m\u00e9nager, pr\u00e9paration de repas, approvisionnement, r\u00e9pit) 514-484-4266<\/li>\n<\/ul>\n<p><!-- \/divi:list --><\/p>\n<p><!-- divi:paragraph -->Si vous avez plus de 70 ans, vous pouvez b\u00e9n\u00e9ficier d\u2019un cr\u00e9dit d\u2019imp\u00f4t pour le maintien \u00e0 domicile des a\u00een\u00e9s. Il s\u2019agit d\u2019une aide financi\u00e8re \u00e9quivalente \u00e0 35% des d\u00e9penses pay\u00e9es pour des services de maintien \u00e0 domicile.<\/p>\n<p>&nbsp;<\/p>\n<p>&nbsp;<\/p>\n<p><!-- \/divi:paragraph --><\/p>\n<p><!-- divi:heading {\"level\":4} --><\/p>\n<h3><strong>Des entreprises d&rsquo;\u00e9conomie sociale dans le domaine du service alimentaire<\/strong><\/h3>\n<p><strong><\/strong><\/p>\n<p><!-- \/divi:heading --><\/p>\n<p><!-- divi:list --><\/p>\n<ul>\n<li><strong>Santropol Roulant <\/strong>(service de popote roulante, conservation alimentaire, march\u00e9s fermiers, paniers bios) 514-284-9335<\/li>\n<\/ul>\n<p><!-- \/divi:list --><\/p>\n<p><!-- divi:list --><\/p>\n<ul>\n<li><strong>Projet PART <\/strong>(service de repas surgel\u00e9s, insertion socio-professionnelle de personnes ayant un trouble de sant\u00e9 mentale ou d&rsquo;ordre psychosocial) 514-526-7278<\/li>\n<\/ul>\n<p><!-- \/divi:list --><\/p>\n<p><!-- divi:heading {\"level\":4} --><\/p>\n<h3><strong><\/strong><\/h3>\n<p><strong><\/strong><\/p>\n<h3><strong>Une entreprise d&rsquo;\u00e9conomie sociale dans le domaine du v\u00eatement adapt\u00e9<\/strong><\/h3>\n<p><strong><\/strong><\/p>\n<p><!-- \/divi:heading --><\/p>\n<p><!-- divi:list --><\/p>\n<ul>\n<li><strong>Groupe Innova <\/strong>(cr\u00e9ation et vente de v\u00eatements adapt\u00e9s pour les personnes en perte d&rsquo;autonomie, insertion socio-professionnelle de personnes ayant un trouble de sant\u00e9 mentale)<\/li>\n<\/ul>\n<p><!-- \/divi:list --><\/p>\n<p><!-- divi:list {\"ordered\":true} --><\/p>\n<ol>\n<li>Boutique Chic chez vous: 1-888-923-9366<\/li>\n<li>Boutique du 3e \u00e2ge: 450-672-8976<\/li>\n<\/ol>\n<p><!-- \/divi:list --><\/p>\n<p><!-- divi:paragraph -->Veuillez noter que si vous avez une prescription m\u00e9dicale, vous \u00eates exempt\u00e9s de payer les taxes sur tout achat de v\u00eatements adapt\u00e9s.<\/p>\n<p>&nbsp;<\/p>\n<p>&nbsp;<\/p>\n<p><!-- \/divi:paragraph --><\/p>\n<p><!-- divi:heading {\"level\":4} --><\/p>\n<h3><strong>Une entreprise d&rsquo;\u00e9conomie sociale sp\u00e9cifiquement pour les proches aidants<\/strong><\/h3>\n<p><strong><\/strong><\/p>\n<p><!-- \/divi:heading --><\/p>\n<p><!-- divi:list --><\/p>\n<ul>\n<li><strong>L&rsquo;Appui <\/strong>(services pour orienter les proches aidants, r\u00e9pertoire des ressources par r\u00e9gion, service d&rsquo;accompagnement Info-aidant) 1-855-852-7784<\/li>\n<\/ul>\n<p><!-- \/divi:list --><\/p>\n<p>[\/et_pb_text][\/et_pb_column][\/et_pb_row][\/et_pb_section]<\/p>\n","protected":false},"excerpt":{"rendered":"<p>La population qu\u00e9b\u00e9coise vieillit. Les proches aidants des a\u00een\u00e9s deviendront de plus en plus nombreux. Force est de constater que leur implication est significative au sein de notre soci\u00e9t\u00e9. En effet, 70 \u00e0 80% des soins re\u00e7us par une personne atteinte d\u2019une maladie neurocognitive sont prodigu\u00e9s par un proche aidant. Et comme le dit le [&hellip;]<\/p>\n","protected":false},"author":1,"featured_media":560,"comment_status":"open","ping_status":"open","sticky":false,"template":"","format":"standard","meta":{"_et_pb_use_builder":"on","_et_pb_old_content":"<!-- wp:paragraph -->\n<p>La population qu\u00e9b\u00e9coise vieillit. Les proches aidants des a\u00een\u00e9s deviendront de plus en plus nombreux.<\/p>\n<!-- \/wp:paragraph -->\n\n<!-- wp:paragraph -->\n<p>Force est de constater que leur implication est significative au sein de notre soci\u00e9t\u00e9. En effet, 70 \u00e0 80% des soins re\u00e7us par une personne atteinte d\u2019une maladie neurocognitive sont prodigu\u00e9s par un proche aidant. Et comme le dit le V\u00e9rificateur g\u00e9n\u00e9ral du Qu\u00e9bec, les proches aidants font \u00e9conomiser 4 milliards de dollars au syst\u00e8me de sant\u00e9 qu\u00e9b\u00e9cois chaque ann\u00e9e. &nbsp;&nbsp;&nbsp;<\/p>\n<!-- \/wp:paragraph -->\n\n<!-- wp:paragraph -->\n<p>Malgr\u00e9 leur apport inestimable, ils travaillent souvent dans l\u2019ombre et retirent peu de reconnaissance.<\/p>\n<!-- \/wp:paragraph -->\n\n<!-- wp:paragraph -->\n<p>C\u2019est pourquoi cet article a pour but de valoriser leur contribution. Ainsi, je discuterai de leur quotidien, des difficult\u00e9s et b\u00e9n\u00e9fices inh\u00e9rents \u00e0 ce r\u00f4le, de leurs droits, de la conciliation travail\/proche aidance et du soutien financier actuel et envisag\u00e9.<\/p>\n<!-- \/wp:paragraph -->\n\n<!-- wp:paragraph -->\n<p>Pour que finalement, nous puissions reconna\u00eetre la grande valeur socio-\u00e9conomique des proches aidants de nos ain\u00e9s. &nbsp;&nbsp;&nbsp;&nbsp;&nbsp;<\/p>\n<!-- \/wp:paragraph -->\n\n<!-- wp:heading {\"level\":3} -->\n<h3>Qu'est-ce qu'un proche aidant d'a\u00een\u00e9s ? <\/h3>\n<!-- \/wp:heading -->\n\n<!-- wp:paragraph -->\n<p>Un proche aidant d\u2019a\u00een\u00e9s est une personne qui offre du soutien et des soins \u00e0 une personne du 3<sup>i\u00e8me<\/sup> ou 4<sup>i\u00e8me<\/sup> \u00e2ge ayant une incapacit\u00e9. Il y a une relation familiale ou affective entre l\u2019aidant et l\u2019aid\u00e9. Souvent, ce r\u00f4le va de soi et la plupart des proches aidants ne se consid\u00e8rent pas comme tels. Pourtant, lorsqu\u2019il y a une perte d\u2019autonomie importante, ce r\u00f4le implique des responsabilit\u00e9s significatives qui exigent beaucoup d\u2019ajustements.<\/p>\n<!-- \/wp:paragraph -->\n\n<!-- wp:heading {\"level\":3} -->\n<h3>La proche aidance selon le genre <\/h3>\n<!-- \/wp:heading -->\n\n<!-- wp:paragraph -->\n<p>\u00c0 ce jour, le r\u00f4le de proche aidant d\u2019a\u00een\u00e9s est assum\u00e9 par plus de femmes que d\u2019hommes. En effet, selon le Conseil du statut de la femme (2018), 58% sont des femmes. Cependant, cette r\u00e9alit\u00e9 tend \u00e0 changer puisque de plus en plus d\u2019hommes s\u2019engage dans ce r\u00f4le. &nbsp;&nbsp;<\/p>\n<!-- \/wp:paragraph -->\n\n<!-- wp:heading {\"level\":3} -->\n<h3>Le quotidien des proches aidants d'a\u00een\u00e9s <\/h3>\n<!-- \/wp:heading -->\n\n<!-- wp:paragraph -->\n<p>Au d\u00e9but de la relation aidant-aid\u00e9, le r\u00f4le de l\u2019aidant peut \u00eatre d\u2019offrir du soutien affectif et \u00e9motionnel, de l\u2019accompagnement pour des rendez-vous et de l\u2019aide pour le transport. Au fur et \u00e0 mesure que la perte d\u2019autonomie s\u2019accentue, l\u2019aidant assume de plus en plus d\u2019activit\u00e9s de la vie quotidienne et domestique (ex. repas, gestion des m\u00e9dicaments, habillage), puis il devient dispensateur de soins parfois complexes (ex. soin des plaies).<\/p>\n<!-- \/wp:paragraph -->\n\n<!-- wp:image {\"id\":563,\"width\":643,\"height\":429,\"sizeSlug\":\"large\",\"linkDestination\":\"none\"} -->\n<figure class=\"wp-block-image size-large is-resized\"><img src=\"https:\/\/blogchicchezvous.com\/wp-content\/uploads\/2021\/06\/ic17.jpg\" alt=\"\" class=\"wp-image-563\" width=\"643\" height=\"429\"\/><\/figure>\n<!-- \/wp:image -->\n\n<!-- wp:heading {\"level\":3} -->\n<h3>Les difficult\u00e9s d'\u00eatre proche aidant d'a\u00een\u00e9s <\/h3>\n<!-- \/wp:heading -->\n\n<!-- wp:paragraph -->\n<p>\u00c9tant donn\u00e9 leur grande implication physique et psychologique, beaucoup de proches aidants ressentent une accumulation de stress. Lorsque l\u2019\u00e9tat de stress se chronicise, cela peut mener vers l\u2019anxi\u00e9t\u00e9, la d\u00e9pression ou l\u2019\u00e9puisement.<\/p>\n<!-- \/wp:paragraph -->\n\n<!-- wp:paragraph -->\n<p>Les proches aidants peuvent \u00eatre enclins \u00e0 adopter des habitudes alimentaires moins saines, diminuer leur activit\u00e9 physique, diminuer leur temps de sommeil et consommer davantage de m\u00e9dicaments.<\/p>\n<!-- \/wp:paragraph -->\n\n<!-- wp:paragraph -->\n<p>Il leur est parfois difficile de trouver un juste \u00e9quilibre entre les t\u00e2ches de proche aidant et les autres r\u00f4les familiaux, professionnels et sociaux. Ils consacrent souvent moins de temps au divertissement, \u00e0 la d\u00e9tente et aux activit\u00e9s sociales.<\/p>\n<!-- \/wp:paragraph -->\n\n<!-- wp:paragraph -->\n<p>Les proches aidants doivent parfois faire face \u00e0 des deuils blancs, ce qui est tr\u00e8s difficile. Lors d\u2019un deuil blanc, la personnalit\u00e9 de la personne atteinte change tranquillement (par exemple dans le cadre d\u2019une maladie neurocognitive).<\/p>\n<!-- \/wp:paragraph -->\n\n<!-- wp:paragraph -->\n<p>Au point o\u00f9 la personne n\u2019est plus ce qu\u2019elle \u00e9tait avant. Le proche aidant doit renoncer \u00e0 ses plans d\u2019avenir avec l\u2019\u00eatre aim\u00e9 et perd la qualit\u00e9 des \u00e9changes. Le deuil blanc est diff\u00e9rent du deuil \u00e0 la suite d\u2019un d\u00e9c\u00e8s, puisque la personne atteinte est encore pr\u00e9sente et partage toujours notre quotidien. Le deuil blanc entra\u00eene culpabilit\u00e9, col\u00e8re et impuissance.&nbsp; &nbsp;&nbsp;&nbsp;&nbsp;&nbsp;&nbsp;<\/p>\n<!-- \/wp:paragraph -->\n\n<!-- wp:paragraph -->\n<p>Enfin, les proches aidants sont parfois confront\u00e9s \u00e0 des choix difficiles au niveau de l\u2019h\u00e9bergement, des niveaux de soins et de l\u2019accompagnement en fin de vie.<\/p>\n<!-- \/wp:paragraph -->\n\n<!-- wp:heading {\"level\":3} -->\n<h3>Les b\u00e9n\u00e9fices d'\u00eatre proche aidant d'a\u00een\u00e9s <\/h3>\n<!-- \/wp:heading -->\n\n<!-- wp:paragraph -->\n<p>Le r\u00f4le de proche aidant d\u2019a\u00een\u00e9s est certes exigeant, mais il apporte aussi certains b\u00e9n\u00e9fices. Ainsi, il est tr\u00e8s valorisant de contribuer au mieux-\u00eatre de son proche. La proche aidance permet aussi d\u2019entretenir une relation de grande proximit\u00e9 avec son proche. Enfin, \u00eatre proche aidant am\u00e8ne \u00e0 plus se conna\u00eetre, \u00e0 mieux d\u00e9finir ses propres besoins et ses limites. &nbsp;<\/p>\n<!-- \/wp:paragraph -->\n\n<!-- wp:heading {\"level\":3} -->\n<h3>Les droits du proche aidant d'a\u00een\u00e9s<\/h3>\n<!-- \/wp:heading -->\n\n<!-- wp:paragraph -->\n<p>Vu l\u2019ampleur de la t\u00e2che du proche aidant d\u2019a\u00een\u00e9s et comme il est partie prenante de l\u2019\u00e9quipe de soins, il importe de souligner ses droits&nbsp;:<\/p>\n<!-- \/wp:paragraph -->\n\n<!-- wp:heading {\"level\":5} -->\n<h5><span style=\"text-decoration: underline;\">Droit \u00e0 une information juste et compl\u00e8te<\/span><\/h5>\n<!-- \/wp:heading -->\n\n<!-- wp:paragraph -->\n<p>Le proche aidant doit \u00eatre inform\u00e9 des ressources afin de mener \u00e0 bien ses t\u00e2ches aupr\u00e8s de la personne aid\u00e9e (quels sont les services offerts comme le soutien \u00e0 domicile, l\u2019acc\u00e8s \u00e0 des professionnels de la sant\u00e9, les ressources de r\u00e9pit et les ressources destin\u00e9es sp\u00e9cifiquement au proche aidant).<\/p>\n<!-- \/wp:paragraph -->\n\n<!-- wp:heading {\"level\":5} -->\n<h5><span style=\"text-decoration: underline;\">Droit \u00e0 la reconnaissance de son expertise<\/span><\/h5>\n<!-- \/wp:heading -->\n\n<!-- wp:paragraph -->\n<p>Selon son degr\u00e9 d\u2019implication, le proche aidant peut d\u00e9tenir une connaissance pointue et compl\u00e8te de la personne aid\u00e9e. Il est essentiel qu\u2019il soit engag\u00e9 dans les d\u00e9cisions entourant l\u2019aid\u00e9. Il ne faut pas sous-estimer l\u2019apport du proche aidant dans l\u2019\u00e9laboration du plan de traitement. Son contact continu et r\u00e9gulier avec la personne aid\u00e9e fait de lui un expert de la situation de cette derni\u00e8re. &nbsp;<\/p>\n<!-- \/wp:paragraph -->\n\n<!-- wp:heading {\"level\":5} -->\n<h5><span style=\"text-decoration: underline;\">Droit \u00e0 l'accessibilit\u00e9<\/span><\/h5>\n<!-- \/wp:heading -->\n\n<!-- wp:paragraph -->\n<p>Renforcer l\u2019accessibilit\u00e9 \u00e0 des \u00e9l\u00e9ments susceptibles de faciliter les t\u00e2ches du proche aidant. Par exemple, l\u2019acc\u00e8s au dossier m\u00e9dical de la personne aid\u00e9e. Ou encore l\u2019acc\u00e8s \u00e0 des ressources financi\u00e8res de fa\u00e7on \u00e0 limiter certaines d\u00e9penses (ex. tarifs de stationnement, frais de repas dans les institutions).<\/p>\n<!-- \/wp:paragraph -->\n\n<!-- wp:heading {\"level\":3} -->\n<h3>La conciliation travail\/proche aidance <\/h3>\n<!-- \/wp:heading -->\n\n<!-- wp:paragraph -->\n<p>D\u2019autre part, il est g\u00e9n\u00e9ralement reconnu que les proches aidants d\u2019a\u00een\u00e9s s\u2019appauvrissent lorsqu\u2019ils prennent soin d\u2019un proche, en particulier lorsque les soins requi\u00e8rent un engagement de 20 heures et plus par semaine.<\/p>\n<!-- \/wp:paragraph -->\n\n<!-- wp:paragraph -->\n<p>C\u2019est pourquoi le march\u00e9 du travail devrait s\u2019adapter aux r\u00e9alit\u00e9s des proches aidants d\u2019a\u00een\u00e9s. Cette flexibilit\u00e9 pourrait \u00eatre&nbsp;:<\/p>\n<!-- \/wp:paragraph -->\n\n<!-- wp:list -->\n<ul><li>D\u2019inclure les proches aidants dans la loi sur les normes du travail. En permettant par exemple \u00e0 tout proche aidant de prendre un certain nombre de journ\u00e9es de cong\u00e9 par ann\u00e9e (dont quelques-uns avec solde) afin de fournir des soins ou du soutien \u00e0 un proche.<\/li><\/ul>\n<!-- \/wp:list -->\n\n<!-- wp:list -->\n<ul><li>De mettre en place, au minist\u00e8re du Travail, de l\u2019Emploi et de la solidarit\u00e9 sociale, un programme de r\u00e9insertion en emploi ciblant sp\u00e9cifiquement les proches aidants. Ceci dans le but de renforcer la reconnaissance de leurs acquis (dont leur expertise comme proche aidant) et les outiller dans la recherche d\u2019emploi ou de formation.<\/li><\/ul>\n<!-- \/wp:list -->\n\n<!-- wp:heading {\"level\":3} -->\n<h3>Soutien financier aux proches aidants <\/h3>\n<!-- \/wp:heading -->\n\n<!-- wp:paragraph -->\n<p>Sur le plan financier, il existe actuellement au Canada trois mesures de soutien \u00e9conomique aux proches aidants (1- le cr\u00e9dit d\u2019imp\u00f4t canadien pour aidant naturel; 2- des prestations de compassion; 3- une allocation de reconnaissance pour aidant de v\u00e9t\u00e9rans). Au Qu\u00e9bec, les mesures de soutien pour aidant sont des cr\u00e9dits d\u2019imp\u00f4t remboursables.<\/p>\n<!-- \/wp:paragraph -->\n\n<!-- wp:image {\"id\":561,\"width\":619,\"height\":413,\"sizeSlug\":\"large\",\"linkDestination\":\"none\"} -->\n<figure class=\"wp-block-image size-large is-resized\"><img src=\"https:\/\/blogchicchezvous.com\/wp-content\/uploads\/2021\/06\/ic16.jpg\" alt=\"\" class=\"wp-image-561\" width=\"619\" height=\"413\"\/><\/figure>\n<!-- \/wp:image -->\n\n<!-- wp:paragraph -->\n<p>Ces mesures de soutien financier sont un pas dans la bonne direction, mais elles sont insuffisantes pour faire face au vieillissement de la population. Insuffisantes pour all\u00e9ger la pression exerc\u00e9e sur les proches aidants. &nbsp;<\/p>\n<!-- \/wp:paragraph -->\n\n<!-- wp:paragraph -->\n<p>Il faudrait ainsi garantir aux proches aidants un soutien \u00e9conomique leur permettant d\u2019exercer leur r\u00f4le sans s\u2019appauvrir. Cela pourrait \u00eatre&nbsp;:<\/p>\n<!-- \/wp:paragraph -->\n\n<!-- wp:list -->\n<ul><li>De cr\u00e9er une allocation provinciale de soutien aux proches aidants qui consacrent 20 heures et plus de soins et de soutien hebdomadaires \u00e0 une personne.<\/li><\/ul>\n<!-- \/wp:list -->\n\n<!-- wp:list -->\n<ul><li>De modifier les cr\u00e9dits d\u2019imp\u00f4t provincial pour proches aidants afin qu\u2019ils ne se basent plus sur le profil de l\u2019aid\u00e9e, mais plut\u00f4t sur les frais encourus par les aidants. &nbsp;<\/li><\/ul>\n<!-- \/wp:list -->\n\n<!-- wp:list -->\n<ul><li>L\u2019octroi d\u2019un cr\u00e9dit annuel de rente dans le cadre du R\u00e9gime de rentes du Qu\u00e9bec (RRQ) \u00e0 tout cotisant qui se serait retir\u00e9 du march\u00e9 du travail pour s\u2019occuper d\u2019un proche.<\/li><\/ul>\n<!-- \/wp:list -->\n\n<!-- wp:heading {\"level\":3} -->\n<h3>Le r\u00f4le de proche aidant d'a\u00een\u00e9s: en conclusion <\/h3>\n<!-- \/wp:heading -->\n\n<!-- wp:paragraph -->\n<p>En tant que proche aidant d\u2019a\u00een\u00e9s, on peut se sentir tr\u00e8s seul. Nous pouvons avoir l\u2019impression que personne ne comprend ce qu\u2019on vit. On peut vite se sentir d\u00e9pass\u00e9s par la lourdeur des responsabilit\u00e9s. Particuli\u00e8rement lorsque la perte d\u2019autonomie de notre proche s\u2019accentue et que les soins deviennent de plus en plus complexes. Il peut s\u2019ensuivre un stress chronique et une difficult\u00e9 \u00e0 maintenir de bonnes habitudes de vie.<\/p>\n<!-- \/wp:paragraph -->\n\n<!-- wp:paragraph -->\n<p>En revanche, plusieurs facteurs de protection peuvent nous aider comme proche aidant&nbsp;: mettre de l\u2019avant ses droits au sein du syst\u00e8me de sant\u00e9 et de la soci\u00e9t\u00e9, encourager des mesures de conciliation travail\/proche aidance, am\u00e9liorer le soutien financier et \u00eatre bien entour\u00e9. &nbsp;&nbsp;&nbsp;<\/p>\n<!-- \/wp:paragraph -->\n\n<!-- wp:paragraph -->\n<p>Sans oublier qu\u2019il existe diff\u00e9rentes ressources pour les a\u00een\u00e9s et les proches aidants. &nbsp;&nbsp;<\/p>\n<!-- \/wp:paragraph -->\n\n<!-- wp:paragraph -->\n<p><\/p>\n<!-- \/wp:paragraph -->\n\n<!-- wp:heading {\"level\":3} -->\n<h3>Entreprises d'\u00e9conomie sociale destin\u00e9es aux a\u00een\u00e9s et proches aidants (\u00e0 Montr\u00e9al) <\/h3>\n<!-- \/wp:heading -->\n\n<!-- wp:paragraph -->\n<p>Tout d\u2019abord, les entreprises d\u2019\u00e9conomie sociale exercent des activit\u00e9s \u00e9conomiques \u00e0 des fins sociales, c\u2019est-\u00e0-dire qu\u2019elles vendent ou \u00e9changent des biens et services dans le but de faire un profit qui est ensuite investit dans une mission sociale.<\/p>\n<!-- \/wp:paragraph -->\n\n<!-- wp:heading {\"level\":4} -->\n<h4><span style=\"text-decoration: underline;\">Des entreprises d'\u00e9conomie sociale d'aide \u00e0 domicile (EESAD)<\/span><\/h4>\n<!-- \/wp:heading -->\n\n<!-- wp:paragraph -->\n<p>Les EESAD (<a href=\"https:\/\/eesad.org\/\">https:\/\/eesad.org\/<\/a>) contribuent au soutien \u00e0 domicile en fournissant des services domestiques (entretien m\u00e9nager, entretien des v\u00eatements, pr\u00e9paration de repas, approvisionnement, etc.) \u00e0 des personnes ayant des incapacit\u00e9s. Ce type de services est financ\u00e9 \u00e0 la fois par les b\u00e9n\u00e9ficiaires, qui contribuent en fonction de leurs revenus, et par le gouvernement du Qu\u00e9bec.<\/p>\n<!-- \/wp:paragraph -->\n\n<!-- wp:paragraph -->\n<p>Les EESAD peuvent \u00e9galement offrir des services aux proches aidants tels que le r\u00e9pit.<\/p>\n<!-- \/wp:paragraph -->\n\n<!-- wp:image {\"id\":407,\"sizeSlug\":\"large\",\"linkDestination\":\"none\"} -->\n<figure class=\"wp-block-image size-large\"><img src=\"https:\/\/blogchicchezvous.com\/wp-content\/uploads\/2021\/04\/logo_esaad.png\" alt=\"\" class=\"wp-image-407\"\/><\/figure>\n<!-- \/wp:image -->\n\n<!-- wp:list -->\n<ul><li><strong>La Grande Vadrouille<\/strong> (entretien m\u00e9nager, pr\u00e9paration de repas, approvisionnement, r\u00e9pit) 514-341-0443<\/li><\/ul>\n<!-- \/wp:list -->\n\n<!-- wp:list -->\n<ul><li><strong>Plumeau, Chiffon et compagnie <\/strong>(entretien m\u00e9nager, pr\u00e9paration de repas, approvisionnement, r\u00e9pit) 514-523-6626<\/li><\/ul>\n<!-- \/wp:list -->\n\n<!-- wp:list -->\n<ul><li><strong>R\u00e9pit-Ressource de l'Est de Montr\u00e9al <\/strong>(r\u00e9pit) 514-353-1479 <\/li><\/ul>\n<!-- \/wp:list -->\n\n<!-- wp:list -->\n<ul><li><strong>Coop\u00e9rative de solidarit\u00e9 Novaide <\/strong>(entretien m\u00e9nager, pr\u00e9paration de repas, approvisionnement, r\u00e9pit) 514-278-6767 poste 200 <\/li><\/ul>\n<!-- \/wp:list -->\n\n<!-- wp:list -->\n<ul><li><strong>Coup de Balai inc. <\/strong>(entretien m\u00e9nager, pr\u00e9paration de repas, approvisionnement, r\u00e9pit) 514-484-4266 <\/li><\/ul>\n<!-- \/wp:list -->\n\n<!-- wp:paragraph -->\n<p>Si vous avez plus de 70 ans, vous pouvez b\u00e9n\u00e9ficier d\u2019un cr\u00e9dit d\u2019imp\u00f4t pour le maintien \u00e0 domicile des a\u00een\u00e9s. Il s\u2019agit d\u2019une aide financi\u00e8re \u00e9quivalente \u00e0 35% des d\u00e9penses pay\u00e9es pour des services de maintien \u00e0 domicile. &nbsp;<\/p>\n<!-- \/wp:paragraph -->\n\n<!-- wp:heading {\"level\":4} -->\n<h4><span style=\"text-decoration: underline;\">Des entreprises d'\u00e9conomie sociale dans le domaine du service alimentaire<\/span><\/h4>\n<!-- \/wp:heading -->\n\n<!-- wp:list -->\n<ul><li><strong>Santropol Roulant <\/strong>(service de popote roulante, conservation alimentaire, march\u00e9s fermiers, paniers bios) 514-284-9335<\/li><\/ul>\n<!-- \/wp:list -->\n\n<!-- wp:list -->\n<ul><li><strong>Projet PART <\/strong>(service de repas surgel\u00e9s, insertion socio-professionnelle de personnes ayant un trouble de sant\u00e9 mentale ou d'ordre psychosocial) 514-526-7278<\/li><\/ul>\n<!-- \/wp:list -->\n\n<!-- wp:heading {\"level\":4} -->\n<h4><span style=\"text-decoration: underline;\">Une entreprise d'\u00e9conomie sociale dans le domaine du v\u00eatement adapt\u00e9<\/span><\/h4>\n<!-- \/wp:heading -->\n\n<!-- wp:list -->\n<ul><li><strong>Groupe Innova <\/strong>(cr\u00e9ation et vente de v\u00eatements adapt\u00e9s pour les personnes en perte d'autonomie, insertion socio-professionnelle de personnes ayant un trouble de sant\u00e9 mentale) <\/li><\/ul>\n<!-- \/wp:list -->\n\n<!-- wp:list {\"ordered\":true} -->\n<ol><li>Boutique Chic chez vous: 1-888-923-9366<\/li><li>Boutique du 3e \u00e2ge: 450-672-8976 <\/li><\/ol>\n<!-- \/wp:list -->\n\n<!-- wp:paragraph -->\n<p>Veuillez noter que si vous avez une prescription m\u00e9dicale, vous \u00eates exempt\u00e9s de payer les taxes sur tout achat de v\u00eatements adapt\u00e9s.<\/p>\n<!-- \/wp:paragraph -->\n\n<!-- wp:heading {\"level\":4} -->\n<h4><span style=\"text-decoration: underline;\">Une entreprise d'\u00e9conomie sociale sp\u00e9cifiquement pour les proches aidants<\/span><\/h4>\n<!-- \/wp:heading -->\n\n<!-- wp:list -->\n<ul><li><strong>L'Appui <\/strong>(services pour orienter les proches aidants, r\u00e9pertoire des ressources par r\u00e9gion, service d'accompagnement Info-aidant) 1-855-852-7784 <\/li><\/ul>\n<!-- \/wp:list -->","_et_gb_content_width":"","footnotes":""},"categories":[19],"tags":[],"class_list":["post-404","post","type-post","status-publish","format-standard","has-post-thumbnail","hentry","category-proche-aidance"],"yoast_head":"<!-- This site is optimized with the Yoast SEO plugin v26.9 - https:\/\/yoast.com\/product\/yoast-seo-wordpress\/ -->\n<title>Blogue Chic chez vous: le r\u00f4le de proche aidant d&#039;a\u00een\u00e9s<\/title>\n<meta name=\"description\" content=\"Quotidien, difficult\u00e9s\/b\u00e9n\u00e9fices d&#039;\u00eatre proche aidant, droits des proches aidants, conciliation travail\/proche aidance et soutien financier.\" \/>\n<meta name=\"robots\" content=\"index, follow, max-snippet:-1, max-image-preview:large, max-video-preview:-1\" \/>\n<link rel=\"canonical\" href=\"https:\/\/blogchicchezvous.com\/en\/2021\/04\/13\/proche-aidant\/\" \/>\n<meta property=\"og:locale\" content=\"en_US\" \/>\n<meta property=\"og:type\" content=\"article\" \/>\n<meta property=\"og:title\" content=\"Blogue Chic chez vous: le r\u00f4le de proche aidant d&#039;a\u00een\u00e9s\" \/>\n<meta property=\"og:description\" content=\"Quotidien, difficult\u00e9s\/b\u00e9n\u00e9fices d&#039;\u00eatre proche aidant, droits des proches aidants, conciliation travail\/proche aidance et soutien financier.\" \/>\n<meta property=\"og:url\" content=\"https:\/\/blogchicchezvous.com\/en\/2021\/04\/13\/proche-aidant\/\" \/>\n<meta property=\"og:site_name\" content=\"Blogue Chic chez vous\" \/>\n<meta property=\"article:publisher\" content=\"https:\/\/www.facebook.com\/chicchezvous\" \/>\n<meta property=\"article:published_time\" content=\"2021-04-13T17:08:09+00:00\" \/>\n<meta property=\"article:modified_time\" content=\"2021-07-07T23:25:26+00:00\" \/>\n<meta property=\"og:image\" content=\"https:\/\/i2.wp.com\/blogchicchezvous.com\/wp-content\/uploads\/2021\/04\/ic15.jpg?fit=300%2C200&ssl=1\" \/>\n\t<meta property=\"og:image:width\" content=\"300\" \/>\n\t<meta property=\"og:image:height\" content=\"200\" \/>\n\t<meta property=\"og:image:type\" content=\"image\/jpeg\" \/>\n<meta name=\"author\" content=\"Prunelle\" \/>\n<meta name=\"twitter:card\" content=\"summary_large_image\" \/>\n<meta name=\"twitter:label1\" content=\"Written by\" \/>\n\t<meta name=\"twitter:data1\" content=\"Prunelle\" \/>\n\t<meta name=\"twitter:label2\" content=\"Est. reading time\" \/>\n\t<meta name=\"twitter:data2\" content=\"9 minutes\" \/>\n<script type=\"application\/ld+json\" class=\"yoast-schema-graph\">{\"@context\":\"https:\/\/schema.org\",\"@graph\":[{\"@type\":\"Article\",\"@id\":\"https:\/\/blogchicchezvous.com\/en\/2021\/04\/13\/proche-aidant\/#article\",\"isPartOf\":{\"@id\":\"https:\/\/blogchicchezvous.com\/en\/2021\/04\/13\/proche-aidant\/\"},\"author\":{\"name\":\"Prunelle\",\"@id\":\"https:\/\/blogchicchezvous.com\/#\/schema\/person\/c79d46c44d7756ae02c188274efc8810\"},\"headline\":\"Le r\u00f4le de proche aidant d&rsquo;a\u00een\u00e9s\",\"datePublished\":\"2021-04-13T17:08:09+00:00\",\"dateModified\":\"2021-07-07T23:25:26+00:00\",\"mainEntityOfPage\":{\"@id\":\"https:\/\/blogchicchezvous.com\/en\/2021\/04\/13\/proche-aidant\/\"},\"wordCount\":2072,\"commentCount\":6,\"publisher\":{\"@id\":\"https:\/\/blogchicchezvous.com\/#organization\"},\"image\":{\"@id\":\"https:\/\/blogchicchezvous.com\/en\/2021\/04\/13\/proche-aidant\/#primaryimage\"},\"thumbnailUrl\":\"https:\/\/blogchicchezvous.com\/wp-content\/uploads\/2021\/04\/ic15.jpg\",\"articleSection\":[\"Proche aidance\"],\"inLanguage\":\"en-CA\",\"potentialAction\":[{\"@type\":\"CommentAction\",\"name\":\"Comment\",\"target\":[\"https:\/\/blogchicchezvous.com\/en\/2021\/04\/13\/proche-aidant\/#respond\"]}]},{\"@type\":\"WebPage\",\"@id\":\"https:\/\/blogchicchezvous.com\/en\/2021\/04\/13\/proche-aidant\/\",\"url\":\"https:\/\/blogchicchezvous.com\/en\/2021\/04\/13\/proche-aidant\/\",\"name\":\"Blogue Chic chez vous: le r\u00f4le de proche aidant d'a\u00een\u00e9s\",\"isPartOf\":{\"@id\":\"https:\/\/blogchicchezvous.com\/#website\"},\"primaryImageOfPage\":{\"@id\":\"https:\/\/blogchicchezvous.com\/en\/2021\/04\/13\/proche-aidant\/#primaryimage\"},\"image\":{\"@id\":\"https:\/\/blogchicchezvous.com\/en\/2021\/04\/13\/proche-aidant\/#primaryimage\"},\"thumbnailUrl\":\"https:\/\/blogchicchezvous.com\/wp-content\/uploads\/2021\/04\/ic15.jpg\",\"datePublished\":\"2021-04-13T17:08:09+00:00\",\"dateModified\":\"2021-07-07T23:25:26+00:00\",\"description\":\"Quotidien, difficult\u00e9s\/b\u00e9n\u00e9fices d'\u00eatre proche aidant, droits des proches aidants, conciliation travail\/proche aidance et soutien financier.\",\"breadcrumb\":{\"@id\":\"https:\/\/blogchicchezvous.com\/en\/2021\/04\/13\/proche-aidant\/#breadcrumb\"},\"inLanguage\":\"en-CA\",\"potentialAction\":[{\"@type\":\"ReadAction\",\"target\":[\"https:\/\/blogchicchezvous.com\/en\/2021\/04\/13\/proche-aidant\/\"]}]},{\"@type\":\"ImageObject\",\"inLanguage\":\"en-CA\",\"@id\":\"https:\/\/blogchicchezvous.com\/en\/2021\/04\/13\/proche-aidant\/#primaryimage\",\"url\":\"https:\/\/blogchicchezvous.com\/wp-content\/uploads\/2021\/04\/ic15.jpg\",\"contentUrl\":\"https:\/\/blogchicchezvous.com\/wp-content\/uploads\/2021\/04\/ic15.jpg\",\"width\":300,\"height\":200},{\"@type\":\"BreadcrumbList\",\"@id\":\"https:\/\/blogchicchezvous.com\/en\/2021\/04\/13\/proche-aidant\/#breadcrumb\",\"itemListElement\":[{\"@type\":\"ListItem\",\"position\":1,\"name\":\"Accueil\",\"item\":\"https:\/\/blogchicchezvous.com\/\"},{\"@type\":\"ListItem\",\"position\":2,\"name\":\"Le r\u00f4le de proche aidant d&rsquo;a\u00een\u00e9s\"}]},{\"@type\":\"WebSite\",\"@id\":\"https:\/\/blogchicchezvous.com\/#website\",\"url\":\"https:\/\/blogchicchezvous.com\/\",\"name\":\"Blogue Chic chez vous\",\"description\":\"On parle de vieillissement et de sant\u00e9 mentale \",\"publisher\":{\"@id\":\"https:\/\/blogchicchezvous.com\/#organization\"},\"potentialAction\":[{\"@type\":\"SearchAction\",\"target\":{\"@type\":\"EntryPoint\",\"urlTemplate\":\"https:\/\/blogchicchezvous.com\/?s={search_term_string}\"},\"query-input\":{\"@type\":\"PropertyValueSpecification\",\"valueRequired\":true,\"valueName\":\"search_term_string\"}}],\"inLanguage\":\"en-CA\"},{\"@type\":\"Organization\",\"@id\":\"https:\/\/blogchicchezvous.com\/#organization\",\"name\":\"Les Boutiques Chic chez vous\",\"url\":\"https:\/\/blogchicchezvous.com\/\",\"logo\":{\"@type\":\"ImageObject\",\"inLanguage\":\"en-CA\",\"@id\":\"https:\/\/blogchicchezvous.com\/#\/schema\/logo\/image\/\",\"url\":\"https:\/\/i1.wp.com\/blogchicchezvous.com\/wp-content\/uploads\/2020\/12\/cropped-cropped-logo-1.png?fit=250%2C250&ssl=1\",\"contentUrl\":\"https:\/\/i1.wp.com\/blogchicchezvous.com\/wp-content\/uploads\/2020\/12\/cropped-cropped-logo-1.png?fit=250%2C250&ssl=1\",\"width\":250,\"height\":250,\"caption\":\"Les Boutiques Chic chez vous\"},\"image\":{\"@id\":\"https:\/\/blogchicchezvous.com\/#\/schema\/logo\/image\/\"},\"sameAs\":[\"https:\/\/www.facebook.com\/chicchezvous\"]},{\"@type\":\"Person\",\"@id\":\"https:\/\/blogchicchezvous.com\/#\/schema\/person\/c79d46c44d7756ae02c188274efc8810\",\"name\":\"Prunelle\",\"image\":{\"@type\":\"ImageObject\",\"inLanguage\":\"en-CA\",\"@id\":\"https:\/\/blogchicchezvous.com\/#\/schema\/person\/image\/\",\"url\":\"https:\/\/secure.gravatar.com\/avatar\/571a371dcc65e748d9eb06b3a5d30c316c89a51b0d8860d865e4913438085838?s=96&d=mm&r=g\",\"contentUrl\":\"https:\/\/secure.gravatar.com\/avatar\/571a371dcc65e748d9eb06b3a5d30c316c89a51b0d8860d865e4913438085838?s=96&d=mm&r=g\",\"caption\":\"Prunelle\"},\"sameAs\":[\"https:\/\/blogchicchezvous.com\"],\"url\":\"https:\/\/blogchicchezvous.com\/en\/author\/admin\/\"}]}<\/script>\n<!-- \/ Yoast SEO plugin. -->","yoast_head_json":{"title":"Blogue Chic chez vous: le r\u00f4le de proche aidant d'a\u00een\u00e9s","description":"Quotidien, difficult\u00e9s\/b\u00e9n\u00e9fices d'\u00eatre proche aidant, droits des proches aidants, conciliation travail\/proche aidance et soutien financier.","robots":{"index":"index","follow":"follow","max-snippet":"max-snippet:-1","max-image-preview":"max-image-preview:large","max-video-preview":"max-video-preview:-1"},"canonical":"https:\/\/blogchicchezvous.com\/en\/2021\/04\/13\/proche-aidant\/","og_locale":"en_US","og_type":"article","og_title":"Blogue Chic chez vous: le r\u00f4le de proche aidant d'a\u00een\u00e9s","og_description":"Quotidien, difficult\u00e9s\/b\u00e9n\u00e9fices d'\u00eatre proche aidant, droits des proches aidants, conciliation travail\/proche aidance et soutien financier.","og_url":"https:\/\/blogchicchezvous.com\/en\/2021\/04\/13\/proche-aidant\/","og_site_name":"Blogue Chic chez vous","article_publisher":"https:\/\/www.facebook.com\/chicchezvous","article_published_time":"2021-04-13T17:08:09+00:00","article_modified_time":"2021-07-07T23:25:26+00:00","og_image":[{"width":300,"height":200,"url":"https:\/\/i2.wp.com\/blogchicchezvous.com\/wp-content\/uploads\/2021\/04\/ic15.jpg?fit=300%2C200&ssl=1","type":"image\/jpeg"}],"author":"Prunelle","twitter_card":"summary_large_image","twitter_misc":{"Written by":"Prunelle","Est. reading time":"9 minutes"},"schema":{"@context":"https:\/\/schema.org","@graph":[{"@type":"Article","@id":"https:\/\/blogchicchezvous.com\/en\/2021\/04\/13\/proche-aidant\/#article","isPartOf":{"@id":"https:\/\/blogchicchezvous.com\/en\/2021\/04\/13\/proche-aidant\/"},"author":{"name":"Prunelle","@id":"https:\/\/blogchicchezvous.com\/#\/schema\/person\/c79d46c44d7756ae02c188274efc8810"},"headline":"Le r\u00f4le de proche aidant d&rsquo;a\u00een\u00e9s","datePublished":"2021-04-13T17:08:09+00:00","dateModified":"2021-07-07T23:25:26+00:00","mainEntityOfPage":{"@id":"https:\/\/blogchicchezvous.com\/en\/2021\/04\/13\/proche-aidant\/"},"wordCount":2072,"commentCount":6,"publisher":{"@id":"https:\/\/blogchicchezvous.com\/#organization"},"image":{"@id":"https:\/\/blogchicchezvous.com\/en\/2021\/04\/13\/proche-aidant\/#primaryimage"},"thumbnailUrl":"https:\/\/blogchicchezvous.com\/wp-content\/uploads\/2021\/04\/ic15.jpg","articleSection":["Proche aidance"],"inLanguage":"en-CA","potentialAction":[{"@type":"CommentAction","name":"Comment","target":["https:\/\/blogchicchezvous.com\/en\/2021\/04\/13\/proche-aidant\/#respond"]}]},{"@type":"WebPage","@id":"https:\/\/blogchicchezvous.com\/en\/2021\/04\/13\/proche-aidant\/","url":"https:\/\/blogchicchezvous.com\/en\/2021\/04\/13\/proche-aidant\/","name":"Blogue Chic chez vous: le r\u00f4le de proche aidant d'a\u00een\u00e9s","isPartOf":{"@id":"https:\/\/blogchicchezvous.com\/#website"},"primaryImageOfPage":{"@id":"https:\/\/blogchicchezvous.com\/en\/2021\/04\/13\/proche-aidant\/#primaryimage"},"image":{"@id":"https:\/\/blogchicchezvous.com\/en\/2021\/04\/13\/proche-aidant\/#primaryimage"},"thumbnailUrl":"https:\/\/blogchicchezvous.com\/wp-content\/uploads\/2021\/04\/ic15.jpg","datePublished":"2021-04-13T17:08:09+00:00","dateModified":"2021-07-07T23:25:26+00:00","description":"Quotidien, difficult\u00e9s\/b\u00e9n\u00e9fices d'\u00eatre proche aidant, droits des proches aidants, conciliation travail\/proche aidance et soutien financier.","breadcrumb":{"@id":"https:\/\/blogchicchezvous.com\/en\/2021\/04\/13\/proche-aidant\/#breadcrumb"},"inLanguage":"en-CA","potentialAction":[{"@type":"ReadAction","target":["https:\/\/blogchicchezvous.com\/en\/2021\/04\/13\/proche-aidant\/"]}]},{"@type":"ImageObject","inLanguage":"en-CA","@id":"https:\/\/blogchicchezvous.com\/en\/2021\/04\/13\/proche-aidant\/#primaryimage","url":"https:\/\/blogchicchezvous.com\/wp-content\/uploads\/2021\/04\/ic15.jpg","contentUrl":"https:\/\/blogchicchezvous.com\/wp-content\/uploads\/2021\/04\/ic15.jpg","width":300,"height":200},{"@type":"BreadcrumbList","@id":"https:\/\/blogchicchezvous.com\/en\/2021\/04\/13\/proche-aidant\/#breadcrumb","itemListElement":[{"@type":"ListItem","position":1,"name":"Accueil","item":"https:\/\/blogchicchezvous.com\/"},{"@type":"ListItem","position":2,"name":"Le r\u00f4le de proche aidant d&rsquo;a\u00een\u00e9s"}]},{"@type":"WebSite","@id":"https:\/\/blogchicchezvous.com\/#website","url":"https:\/\/blogchicchezvous.com\/","name":"Chic chez vous blog","description":"We talk about aging and mental health","publisher":{"@id":"https:\/\/blogchicchezvous.com\/#organization"},"potentialAction":[{"@type":"SearchAction","target":{"@type":"EntryPoint","urlTemplate":"https:\/\/blogchicchezvous.com\/?s={search_term_string}"},"query-input":{"@type":"PropertyValueSpecification","valueRequired":true,"valueName":"search_term_string"}}],"inLanguage":"en-CA"},{"@type":"Organization","@id":"https:\/\/blogchicchezvous.com\/#organization","name":"Boutiques Chic chez vous","url":"https:\/\/blogchicchezvous.com\/","logo":{"@type":"ImageObject","inLanguage":"en-CA","@id":"https:\/\/blogchicchezvous.com\/#\/schema\/logo\/image\/","url":"https:\/\/i1.wp.com\/blogchicchezvous.com\/wp-content\/uploads\/2020\/12\/cropped-cropped-logo-1.png?fit=250%2C250&ssl=1","contentUrl":"https:\/\/i1.wp.com\/blogchicchezvous.com\/wp-content\/uploads\/2020\/12\/cropped-cropped-logo-1.png?fit=250%2C250&ssl=1","width":250,"height":250,"caption":"Les Boutiques Chic chez vous"},"image":{"@id":"https:\/\/blogchicchezvous.com\/#\/schema\/logo\/image\/"},"sameAs":["https:\/\/www.facebook.com\/chicchezvous"]},{"@type":"Person","@id":"https:\/\/blogchicchezvous.com\/#\/schema\/person\/c79d46c44d7756ae02c188274efc8810","name":"Prunelle","image":{"@type":"ImageObject","inLanguage":"en-CA","@id":"https:\/\/blogchicchezvous.com\/#\/schema\/person\/image\/","url":"https:\/\/secure.gravatar.com\/avatar\/571a371dcc65e748d9eb06b3a5d30c316c89a51b0d8860d865e4913438085838?s=96&d=mm&r=g","contentUrl":"https:\/\/secure.gravatar.com\/avatar\/571a371dcc65e748d9eb06b3a5d30c316c89a51b0d8860d865e4913438085838?s=96&d=mm&r=g","caption":"Prunelle"},"sameAs":["https:\/\/blogchicchezvous.com"],"url":"https:\/\/blogchicchezvous.com\/en\/author\/admin\/"}]}},"_links":{"self":[{"href":"https:\/\/blogchicchezvous.com\/en\/wp-json\/wp\/v2\/posts\/404","targetHints":{"allow":["GET"]}}],"collection":[{"href":"https:\/\/blogchicchezvous.com\/en\/wp-json\/wp\/v2\/posts"}],"about":[{"href":"https:\/\/blogchicchezvous.com\/en\/wp-json\/wp\/v2\/types\/post"}],"author":[{"embeddable":true,"href":"https:\/\/blogchicchezvous.com\/en\/wp-json\/wp\/v2\/users\/1"}],"replies":[{"embeddable":true,"href":"https:\/\/blogchicchezvous.com\/en\/wp-json\/wp\/v2\/comments?post=404"}],"version-history":[{"count":14,"href":"https:\/\/blogchicchezvous.com\/en\/wp-json\/wp\/v2\/posts\/404\/revisions"}],"predecessor-version":[{"id":1125,"href":"https:\/\/blogchicchezvous.com\/en\/wp-json\/wp\/v2\/posts\/404\/revisions\/1125"}],"wp:featuredmedia":[{"embeddable":true,"href":"https:\/\/blogchicchezvous.com\/en\/wp-json\/wp\/v2\/media\/560"}],"wp:attachment":[{"href":"https:\/\/blogchicchezvous.com\/en\/wp-json\/wp\/v2\/media?parent=404"}],"wp:term":[{"taxonomy":"category","embeddable":true,"href":"https:\/\/blogchicchezvous.com\/en\/wp-json\/wp\/v2\/categories?post=404"},{"taxonomy":"post_tag","embeddable":true,"href":"https:\/\/blogchicchezvous.com\/en\/wp-json\/wp\/v2\/tags?post=404"}],"curies":[{"name":"wp","href":"https:\/\/api.w.org\/{rel}","templated":true}]}}